{"id":1696,"date":"2021-09-25T18:00:00","date_gmt":"2021-09-25T16:00:00","guid":{"rendered":"http:\/\/gerbauxjoris.fr\/?p=1696"},"modified":"2023-03-08T00:03:47","modified_gmt":"2023-03-07T23:03:47","slug":"afterwork-mont-blanc","status":"publish","type":"post","link":"https:\/\/gerbauxjoris.fr\/?p=1696","title":{"rendered":"Afterwork Mont Blanc"},"content":{"rendered":"\n<p class=\"has-text-align-justify\">Top&nbsp;! Je suis le plus haut sommet d\u2019Europe occidentale, je culmine \u00e0 4808m d\u2019altitude et j\u2019ai \u00e9t\u00e9 gravi pour la premi\u00e8re fois en 1786 par Jacques Balmat et Michel Paccard, je suis source de fantasmes dans l\u2019imaginaire collectif et chaque ann\u00e9e des dizaines de millier de pr\u00e9tendants tentent mon ascension, je suis, je suis&nbsp;?<\/p>\n\n\n\n<p class=\"has-text-align-justify\">Vous l\u2019aurez devin\u00e9, il s\u2019agit du Mont Blanc&nbsp;! Pour le non initi\u00e9 ou l\u2019alpiniste n\u00e9ophyte, il fait souvent figure d\u2019objectif majeur et est d\u2019ailleurs pour bon nombre la seule exp\u00e9rience en alpinisme de leur vie. Mais au fur et \u00e0 mesure que l\u2019on pratique l\u2019alpinisme, que l\u2019on gagne en exp\u00e9rience et que l\u2019on gravi des sommets de plus en plus ambitieux, on d\u00e9laisse petit \u00e0 petit le Mont Blanc et son aura fond comme glacier sous r\u00e9chauffement climatique. Si pour le commen\u00e7ant (celui qui d\u00e9couvre l\u2019alpinisme) l\u2019ascension du Mont Blanc est exceptionnelle peu importe les moyens, l\u2019alpiniste plus aguerri qui voudra tout de m\u00eame tenter l\u2019ascension va plus se concentrer sur le moyen (l\u2019itin\u00e9raire) que la finalit\u00e9. Il en existe des dizaines, de toutes difficult\u00e9s, plus ou moins parcourus. Pour ma part, j\u2019ai d\u00e9j\u00e0 pens\u00e9 \u00e0 la voie Royale (Miage &gt; Bionnassay &gt; Mont Blanc &gt; descente par les 3 Monts), un itin\u00e9raire de difficult\u00e9 moyenne sur 3j et qui permet de belles travers\u00e9es d\u2019ar\u00eate de neige&nbsp;; \u00e9galement \u00e0 l\u2019Innominata et \u00e0 l\u2019ambitieuse Int\u00e9gral de Peuterey, des courses de rochers difficiles qui demandent 2 \u00e0 3 jours d&rsquo;ascension. En tout cas, je ne m&rsquo;imagine pas faire la voie normale et ses embouteillages humains, son manque d\u2019int\u00e9r\u00eat technique et son Couloir du Go\u00fbter alias le Couloir de la Mort, tr\u00e8s expos\u00e9 aux chutes de rochers et redout\u00e9 par les guides.<\/p>\n\n\n\n<div style=\"height:20px\" aria-hidden=\"true\" class=\"wp-block-spacer\"><\/div>\n\n\n\n<figure class=\"wp-block-gallery aligncenter has-nested-images columns-default is-cropped wp-block-gallery-1 is-layout-flex wp-block-gallery-is-layout-flex\">\n<figure class=\"wp-block-image size-full\"><img loading=\"lazy\" decoding=\"async\" width=\"1920\" height=\"1080\" data-id=\"1702\" src=\"https:\/\/gerbauxjoris.fr\/wp-content\/uploads\/2021\/09\/20180623-0921-GPA-Aiguilles-Rouges.jpg\" alt=\"\" class=\"wp-image-1702\" srcset=\"https:\/\/gerbauxjoris.fr\/wp-content\/uploads\/2021\/09\/20180623-0921-GPA-Aiguilles-Rouges.jpg 1920w, https:\/\/gerbauxjoris.fr\/wp-content\/uploads\/2021\/09\/20180623-0921-GPA-Aiguilles-Rouges-768x432.jpg 768w\" sizes=\"(max-width: 1920px) 100vw, 1920px\" \/><figcaption class=\"wp-element-caption\"><em>Le Mont Blanc depuis les Aiguilles Rouges lors d&rsquo;une de mes premi\u00e8res exp\u00e9rience d&rsquo;alpinisme &#8211; Grand Parcours Alpinisme 2018<\/em><\/figcaption><\/figure>\n<\/figure>\n\n\n\n<div style=\"height:30px\" aria-hidden=\"true\" class=\"wp-block-spacer\"><\/div>\n\n\n\n<p>Et pourtant\u2026 jeudi midi, le week end est annonc\u00e9 mitig\u00e9 : le temps est changeant samedi et franchement mauvais dimanche. C\u00e9dric est dispo et motiv\u00e9 pour une sortie, nous cherchons des id\u00e9es. Je propose un peu par hasard&nbsp;:<\/p>\n\n\n\n<ul>\n<li><em>\u00ab&nbsp;Mont Blanc \u00e0 la journ\u00e9e ?<\/em><\/li>\n\n\n\n<li><em>Chaud !&nbsp;\u00bb<\/em><\/li>\n<\/ul>\n\n\n\n<p>J\u2019enchaine ensuite, plus pour provoquer qu\u2019en le consid\u00e9rant vraiment&nbsp;:<\/p>\n\n\n\n<ul>\n<li><em>\u00ab&nbsp;D\u00e9part en v\u00e9lo d\u2019Annecy 18h, \u00e7a te va&nbsp;?<\/em><\/li>\n\n\n\n<li><em>OK&nbsp;! Journ\u00e9e de 10h au boulot demain plus une course de 30h en haute montagne, c\u2019est \u00e7a qu\u2019on aime&nbsp;\ud83d\ude0a&nbsp;\u00bb<\/em><\/li>\n<\/ul>\n\n\n\n<p>Oh le con&nbsp;! Il est motiv\u00e9&nbsp;! Il n\u2019y a plus le choix, alors, il va vraiment falloir le faire. Vu la longueur de l\u2019ascension qui nous attend, nous passerons par la voie normale afin de limiter les difficult\u00e9s techniques. J\u2019\u00e9tablis le programme&nbsp;le soir m\u00eame&nbsp;:<\/p>\n\n\n\n<ul>\n<li>Vendredi 17h, d\u00e9part d\u2019Annecy en v\u00e9lo, je r\u00e9cup\u00e8re C\u00e9dric \u00e0 son travail \u00e0 la Roche-sur-Foron (30km d\u2019Annecy) et nous partons ensemble pour le <strong>village de Bionnassay<\/strong> (1400m d\u2019altitude) <em>| 89km, 1450m D+ (et 500 D- qu\u2019il faudra remonter au retour), 5h<\/em><\/li>\n\n\n\n<li>Puis direction le <strong>Refuge du Nid d\u2019Aigle<\/strong> (2413m) \u00e0 pied sur un chemin de rando <em>| 6km, 1000m D+, 2h30<\/em><\/li>\n\n\n\n<li>Du Nid d\u2019Aigle, on rejoint le <strong>Refuge de T\u00eate Rousse<\/strong> (3187m) par un chemin rocailleux, d\u2019abord tr\u00e8s bon, puis un peu plus technique <em>| 3km, 800m D+, 3h<\/em><\/li>\n\n\n\n<li>Ensuite ascension vers le <strong>Refuge du Go\u00fbter<\/strong> (3835m) par un itin\u00e9raire en grimpe facile (niveau II, quelques pas de III) <em>| 1.7km, 650m D+, 3h + 30min de pause<\/em><\/li>\n\n\n\n<li>Et finalement, mont\u00e9e au <strong>Mont Blanc<\/strong> (4808m) par un cheminement neigeux assez facile, d\u2019abord une face puis une ar\u00eate <em>| 4km, 1000m D+, 5h en prenant en compte la fatigue et l\u2019altitude<\/em><\/li>\n\n\n\n<li>Arriv\u00e9e au sommet \u00e0 midi le samedi.<\/li>\n<\/ul>\n\n\n\n<p class=\"has-text-align-justify\">Au total pr\u00e8s de 20h d\u2019ascension et 13h pour le retour pour r\u00e9aliser les 178km de v\u00e9lo et 30km \u00e0 pied pour 5500m D+\/- cumul\u00e9, c\u2019est ce qu\u2019on appelle une bonne bamb\u00e9e. Le timing ne prend en compte que de courtes pauses, mais nous n\u2019avons pas le choix, notre cr\u00e9neau m\u00e9t\u00e9o est restreint, de la pluie est possible \u00e0 partir de 17h samedi et nous voulons \u00eatre sorti des zones dangereuses \u00e0 ce moment. Les nombreux refuges le long de l\u2019itin\u00e9raire nous permettrons de nous abriter en cas d\u2019impr\u00e9vus.<\/p>\n\n\n\n<p class=\"has-text-align-justify\">A titre de comparaison, l\u2019ascension classique se fait en deux jours&nbsp;: mont\u00e9e en train au Nid d\u2019Aigle la premi\u00e8re journ\u00e9e, pour rejoindre le Refuge du Go\u00fbter 1450m plus haut. Le second jour, ascension du Mont Blanc (1000m de d\u00e9nivel\u00e9) et descente. Certains prennent \u00e9galement une troisi\u00e8me journ\u00e9e pour la descente du Go\u00fbter.<\/p>\n\n\n\n<hr class=\"wp-block-separator has-css-opacity\"\/>\n\n\n\n<div style=\"height:40px\" aria-hidden=\"true\" class=\"wp-block-spacer\"><\/div>\n\n\n\n<div class=\"wp-block-columns is-layout-flex wp-container-core-columns-layout-1 wp-block-columns-is-layout-flex\">\n<div class=\"wp-block-column is-layout-flow wp-block-column-is-layout-flow\">\n<p class=\"has-text-align-justify\">Vendredi, 16h50, je suis \u00e9quip\u00e9 et pr\u00eat pour le d\u00e9part. J\u2019ai un fourmillement au niveau du ventre, je connais bien ce sentiment, m\u00e9lange d\u2019inqui\u00e9tude, de f\u00e9brilit\u00e9 et d\u2019excitation pr\u00e9alable \u00e0 tous grands projets. J&rsquo;ai empaquet\u00e9 le mat\u00e9riel dans 2 sacoches de voyage et mon sac \u00e0 dos. On a essay\u00e9 de faire au plus l\u00e9ger, mais sans n\u00e9gliger la s\u00e9curit\u00e9 pour autant. Les crampons, le mat\u00e9riel de s\u00e9cu glacier, la corde, le r\u00e9chaud pour manger &amp; le petit matelas pour se reposer au cas o\u00f9, les v\u00eatements d\u2019alpinisme, ceux de v\u00e9lo, la nourriture, l\u2019eau etc\u2026 En tout, le v\u00e9lo avec son chargement p\u00e8se 30kg, une difficult\u00e9 suppl\u00e9mentaire que l\u2019on a peut-\u00eatre n\u00e9glig\u00e9e lors de la pr\u00e9paration. Je pars peu avant 17h. Je prends la route la plus courte pour rejoindre C\u00e9dric, mais pas la plus sympathique : il s\u2019agit d\u2019une nationale o\u00f9 le concours des automobilistes semble \u00eatre \u00e0 celui qui passera au plus proche et au plus vite de moi. D\u00e8s la premi\u00e8re mont\u00e9e, je sens mes jambes qui tirent ; la veille au soir j\u2019encadrais une sortie trail pour le CAF, j\u2019ai essay\u00e9 d\u2019y aller doucement mais cela n\u2019a pas emp\u00each\u00e9 l\u2019acide lactique de s\u2019accumuler. J\u2019avais propos\u00e9 cette sortie avant que l\u2019on imagine cette bamb\u00e9e, je ne pouvais pas annuler au dernier moment.<\/p>\n<\/div>\n\n\n\n<div class=\"wp-block-column is-layout-flow wp-block-column-is-layout-flow\">\n<figure class=\"wp-block-gallery has-nested-images columns-default is-cropped wp-block-gallery-2 is-layout-flex wp-block-gallery-is-layout-flex\">\n<figure class=\"wp-block-image size-full\"><img loading=\"lazy\" decoding=\"async\" width=\"1967\" height=\"1440\" src=\"https:\/\/gerbauxjoris.fr\/wp-content\/uploads\/2021\/09\/20210924-1649-Mont-Blanc-Velo.jpg\" alt=\"\" class=\"wp-image-1706\" srcset=\"https:\/\/gerbauxjoris.fr\/wp-content\/uploads\/2021\/09\/20210924-1649-Mont-Blanc-Velo.jpg 1967w, https:\/\/gerbauxjoris.fr\/wp-content\/uploads\/2021\/09\/20210924-1649-Mont-Blanc-Velo-300x220.jpg 300w, https:\/\/gerbauxjoris.fr\/wp-content\/uploads\/2021\/09\/20210924-1649-Mont-Blanc-Velo-1024x750.jpg 1024w, https:\/\/gerbauxjoris.fr\/wp-content\/uploads\/2021\/09\/20210924-1649-Mont-Blanc-Velo-768x562.jpg 768w, https:\/\/gerbauxjoris.fr\/wp-content\/uploads\/2021\/09\/20210924-1649-Mont-Blanc-Velo-1536x1124.jpg 1536w\" sizes=\"(max-width: 1967px) 100vw, 1967px\" \/><figcaption class=\"wp-element-caption\"><em>La b\u00eate charg\u00e9e<\/em><\/figcaption><\/figure>\n<\/figure>\n<\/div>\n<\/div>\n\n\n\n<p class=\"has-text-align-justify\">Forc\u00e9ment, dans ma t\u00eate \u00e7a cogite. Mais dans quoi on s\u2019est lanc\u00e9&nbsp;? Est-ce qu\u2019on va y arriver&nbsp;? Cela semble peu probable. Oh et puis peu importe finalement, l\u2019important c\u2019est d\u2019essayer, de repousser ses limites et de partager du temps en montagne avec un ami\u2026 Je me fixe 5 checkpoints&nbsp;: Parking de Bionnassay, Refuge du Nid d\u2019Aigle, Refuge de T\u00eate Rousse, Refuge du Go\u00fbter et bien s\u00fbr, le Mont Blanc. Je me dis qu\u2019atteindre ne serait-ce que le premier serait d\u00e9j\u00e0 une belle chose, et qu\u2019on avisera de la suite \u00e0 chacun d\u2019entre eux.<\/p>\n\n\n\n<p class=\"has-text-align-justify\">J\u2019arrive au cabinet de C\u00e9dric \u00e0 18h25, 5 minutes plus tard il termine avec sa derni\u00e8re patiente et s\u2019\u00e9quipe en vitesse. Nous partons \u00e0 18h40. Devant nous, environ 50km de faux plat montant jusqu\u2019au Fayet, qui est 125m plus haut que la Roche-sur-Foron. Puis la mont\u00e9e finale de 800m sur 11km. M\u00eame si je suis un peu inquiet de ma r\u00e9sistance musculaire, le trajet est plut\u00f4t agr\u00e9able, pas un nuage dans le ciel, les montagnes qui nous entourent sont tr\u00e8s belles, on discute\u2026 Le soleil se couche dans notre dos et la nuit tombe progressivement. Nous sommes sur une piste cyclable, nous attendons le dernier moment pour nous arr\u00eater et sortir nos \u00e9clairages, lorsqu\u2019on n\u2019y voit vraiment plus rien. C\u2019est agr\u00e9able d\u2019avancer dans l\u2019obscurit\u00e9. Un cycliste itin\u00e9rant arrive en sens inverse et s\u2019arr\u00eate pour discuter. C\u2019est un Allemand qui ne parle pas un mot de fran\u00e7ais ni d\u2019anglais. M\u00eame si je commence \u00e0 apprendre l\u2019allemand pour connaitre les bases quand j&rsquo;irais en Suisse chez Manon, la conversation n\u2019est pas facile. Il ne comprend visiblement pas ce qu\u2019on part faire (en m\u00eame temps\u2026) et nous on pense qu\u2019il veut rejoindre Nice en v\u00e9lo. Bon courage \u00e0 lui&nbsp;! On repart apr\u00e8s avoir aval\u00e9 une barre \u00e9nerg\u00e9tique. Peu apr\u00e8s, on voit se dessiner dans la nuit face \u00e0 nous notre objectif, le Mont Blanc, imposant. On devine une bonne partie de l\u2019itin\u00e9raire, parsem\u00e9 de points lumineux&nbsp;: les refuges de T\u00eate Rousse et du Go\u00fbter pour les deux plus lumineux, des cord\u00e9es encore \u00e0 pied d\u2019\u0153uvre pour les autres. Le spectacle est saisissant. Nous sommes cens\u00e9s \u00eatre l\u00e0-haut dans quelques heures, cela semble fou.<\/p>\n\n\n\n<p class=\"has-text-align-justify\">Quelques kilom\u00e8tres plus loin, on attaque la mont\u00e9e. \u00c7a se fait plut\u00f4t bien jusqu\u2019\u00e0 Saint-Gervais&nbsp;; nous traversons le centre-ville, je n\u2019avais jamais remarqu\u00e9 \u00e0 quel point il est charmant, on voit les choses diff\u00e9remment en v\u00e9lo. On arrive au village de Bionnay ou l\u2019on quitte la d\u00e9partementale pour une petite route de montagne. C\u2019est \u00e0 partir de l\u00e0 que les choses s\u00e9rieuses commencent. J\u2019avais vu sur la carte que la mont\u00e9e est raide, mais je n\u2019avais pas remarqu\u00e9 \u00e0 quel point. En v\u00e9lo de route, une mont\u00e9e \u00e0 8% (80m de d\u00e9nivel\u00e9 sur 1km) est d\u00e9j\u00e0 costaud, une route d\u00e9partementale ne d\u00e9passe jamais 10%. Mais l\u00e0\u2026 \u00c7a commence directement par un mur \u00e0 18%, la pente est tellement forte et nos v\u00e9los tellement lourds que m\u00eame debout sur la p\u00e9dale notre poids ne suffit pas \u00e0 l\u2019actionner. Il faut pousser avec les bras pour y mettre plus de force. Pourtant, on n\u2019est pas des petits gabarits&nbsp;! Quand la route passe \u00e0 10% nous avons l\u2019impression que c\u2019est du faux plat montant. Nous arrivons au village de Bionnassay, nous voyons un panneau avec une fl\u00e8che indiquant le parking. Ouf on y est presque\u2026 Mais non&nbsp;! Encore une cote, \u00e0 20% cette fois, je n\u2019avais jamais fait autant m\u00eame avec un v\u00e9lo non charg\u00e9. On est presque \u00e9tonn\u00e9 d\u2019avoir r\u00e9ussi \u00e0 atteindre le parking. Apr\u00e8s v\u00e9rification, la route est longue de 3.5km pour gagner 420m de d\u00e9nivel\u00e9 soit une pente moyenne de\u2026 12%. Autant dire qu\u2019avant m\u00eame de commencer la marche nous avions d\u00e9j\u00e0 bien attaqu\u00e9 notre capital forme. On avance un peu sur un chemin carrossable pour trouver un emplacement ou laisser nos v\u00e9los. Il est 22h, nous ne sommes pas en avance car nous devrions d\u00e9buter la marche \u00e0 cette heure. On s\u2019accorde tout de m\u00eame 30 minutes le temps de se remettre, de changer notre \u00e9quipement et de manger. Le premier check point est valid\u00e9, mais nous n\u2019allons pas nous arr\u00eater l\u00e0&nbsp;!<\/p>\n\n\n\n<p class=\"has-text-align-justify\">Nous partons \u00e0 22h30, nous cherchons un emplacement o\u00f9 cacher nos sacoches sur le chemin. On rep\u00e8re une voiture abandonn\u00e9e depuis longtemps, on h\u00e9site \u00e0 les cacher dedans, mais finalement on d\u00e9cide que non&nbsp;; grand bien nous en a pris&nbsp;! Le lendemain, la voiture n\u2019\u00e9tait plus l\u00e0, c\u2019est improbable. On trouve un peu plus loin un chalet inhabit\u00e9 avec un tas de planches \u00e0 ses c\u00f4t\u00e9s, on cache les sacoches sous les planches. Le d\u00e9but de la marche est sur du plat, ou presque, je suis surpris de ne presque pas sentir mes jambes malgr\u00e9 notre bon rythme. Vient ensuite une petite mont\u00e9e, ouch\u2026 En fait je ne suis pas en si grande forme. Nous nous calons sur un rythme doux mais constant. Nous croisons un groupe de personnes qui nous demande ce qu\u2019on fait l\u00e0. Quand on leur dit qu\u2019on va au Mont Blanc, ils nous demandent :<\/p>\n\n\n\n<ul>\n<li><em>\u00ab&nbsp;Mais en fait, vous \u00eates qui&nbsp;?<\/em><\/li>\n\n\n\n<li><em>Ba\u2026 C\u00e9dric &amp; Joris&nbsp;\u00bb<\/em><\/li>\n<\/ul>\n\n\n\n<p class=\"has-text-align-justify\">Non d\u00e9sol\u00e9, on n\u2019est personne de connu&nbsp;! On continu, on croise d\u2019autres personnes&nbsp;; d\u00e9cid\u00e9ment, cette route du Mont Blanc est peupl\u00e9e \u00e0 n\u2019importe quelle heure. Si C\u00e9dric est plut\u00f4t en forme, la mont\u00e9e est difficile pour moi. J\u2019ai les jambes tr\u00e8s lourdes et je suis somnolent&nbsp;; j\u2019ai envie de dormir&nbsp;! C\u00e9dric me parle de choses et d\u2019autres, il ne peut pas me laisser tranquille&nbsp;? Je lutte d\u00e9j\u00e0 pour avancer, je n\u2019ai pas d\u2019\u00e9nergie \u00e0 d\u00e9penser pour parler. Bon dans les faits je reste gentil et lui offre quelques grommellements en guise de r\u00e9ponse. Deux personnes nous rattrapent, on discute un peu avec eux, ils vont \u00e9galement tenter le Mont Blanc \u00e0 la journ\u00e9e et viennent d\u2019Annecy (on d\u00e9couvrira plus tard qu\u2019on se connaissait d\u00e9j\u00e0 de loin). Bon, eux on prit la voiture parce que je cite \u00ab on finissait le travail trop tard&nbsp;\u00bb. Il a bon dos le travail. Parler avec eux me sort un peu de ma torpeur. Ils ont pr\u00e9vu d\u2019arriver au sommet \u00e0 7h, contre 12h pour nous. \u00c7a nous semble bien ambitieux, mais pourquoi pas. On les laisse partir devant d\u2019un bon pas.<\/p>\n\n\n\n<p class=\"has-text-align-justify\">Afin de ne pas s\u2019alourdir plus que n\u00e9cessaire on est parti avec le minimum d\u2019eau. On sait que le dernier endroit o\u00f9 on pourra en trouver est sous la mont\u00e9e finale du Nid d\u2019Aigle. Le premier torrent est \u00e0 sec, mais heureusement le suivant coule. On s\u2019arr\u00eate pour prendre 3L d\u2019eau chacun ; on le sent passer sur nos \u00e9paules. Le chemin monte ensuite \u00e0 flanc de falaise jusqu\u2019\u00e0 la gare d\u2019arriv\u00e9e du train du Nid d\u2019Aigle (2372m), que nous atteignons \u00e0 0h50. Deuxi\u00e8me check point atteint. Selon notre timing, nous devions repartir du Nid d\u2019Aigle \u00e0 0h30, nous sommes donc en retard (et je rappel que nous ne pouvons pas atteindre le sommet avec du retard sans risquer de prendre le mauvais temps en haute montagne pendant la descente). Vu notre \u00e9tat, nous d\u00e9cidons tout de m\u00eame de faire une sieste pour reprendre des forces. La gare d\u2019arriv\u00e9e est ferm\u00e9e, le refuge demande de faire un petit d\u00e9tour, nous nous allongeons donc par terre, une terrasse en bois en guise de matelas et notre sac comme oreiller. Je sombre imm\u00e9diatement dans un semblant de sommeil agit\u00e9, souvent perturb\u00e9 par le vent qui s\u2019est lev\u00e9 et nous refroidi. 20 minutes plus tard, le r\u00e9veil sonne. R\u00e9sultat&nbsp;? Eh bien la \u00ab&nbsp;power nap&nbsp;\u00bb a \u00e9tonnamment bien march\u00e9, j\u2019ai toujours mal aux jambes mais je ne suis plus somnolent. C\u2019\u00e9tait quitte ou double, on s\u2019en sort bien.<\/p>\n\n\n\n<figure class=\"wp-block-gallery has-nested-images columns-default is-cropped wp-block-gallery-3 is-layout-flex wp-block-gallery-is-layout-flex\">\n<figure class=\"wp-block-image size-full\"><img loading=\"lazy\" decoding=\"async\" width=\"1920\" height=\"1440\" data-id=\"1707\" src=\"https:\/\/gerbauxjoris.fr\/wp-content\/uploads\/2021\/09\/20210925-0129-Mont-Blanc.jpg\" alt=\"\" class=\"wp-image-1707\" srcset=\"https:\/\/gerbauxjoris.fr\/wp-content\/uploads\/2021\/09\/20210925-0129-Mont-Blanc.jpg 1920w, https:\/\/gerbauxjoris.fr\/wp-content\/uploads\/2021\/09\/20210925-0129-Mont-Blanc-300x225.jpg 300w, https:\/\/gerbauxjoris.fr\/wp-content\/uploads\/2021\/09\/20210925-0129-Mont-Blanc-1024x768.jpg 1024w, https:\/\/gerbauxjoris.fr\/wp-content\/uploads\/2021\/09\/20210925-0129-Mont-Blanc-768x576.jpg 768w, https:\/\/gerbauxjoris.fr\/wp-content\/uploads\/2021\/09\/20210925-0129-Mont-Blanc-1536x1152.jpg 1536w\" sizes=\"(max-width: 1920px) 100vw, 1920px\" \/><figcaption class=\"wp-element-caption\">Une mauvaise photo de l&rsquo;ambiance sous la lune<\/figcaption><\/figure>\n<\/figure>\n\n\n\n<div style=\"height:50px\" aria-hidden=\"true\" class=\"wp-block-spacer\"><\/div>\n\n\n\n<p class=\"has-text-align-justify\">On repart \u00e0 1h15, on quitte la verdure pour arriver dans un monde min\u00e9ral. Le chemin est bien marqu\u00e9 et nous avan\u00e7ons d\u2019un rythme volontairement lent par rapport \u00e0 notre habitude, mais constant. Nous croisons encore quelques personnes qui descendent. J\u2019entre alors dans un \u00e9tat second, mais sans perdre ma lucidit\u00e9 pour autant. Le corps est \u00e9puis\u00e9, mais il continue \u00e0 donner ce qu\u2019il faut pour avancer. Je ne ressens presque plus la douleur aux jambes. Tant que je reste concentr\u00e9 sur la t\u00e2che et l\u2019objectif, \u00e7a va. La lune s\u2019est lev\u00e9e et elle \u00e9claire suffisamment la montagne pour que l\u2019on puisse \u00e9teindre nos frontales. Quel plaisir de marcher dans cette p\u00e9nombre au milieu des hauts sommets qui nous entourent. Nous rallumons les frontales quand le chemin devient moins visible. Nous arrivons sous l\u2019ar\u00eate menant au prochain refuge, que l\u2019on remonte sur une bonne sente, parfois recouverte par les r\u00e9centes chutes de neige. Les nombreux passages ont tass\u00e9 la neige et l\u2019on transform\u00e9e en glace. Nous avons suffisamment le sens de l\u2019\u00e9quilibre pour continuer avec nos chaussures de trail, mais nous restons vigilants car la chute est \u00e0 minima d\u00e9conseill\u00e9, voir interdite. Apr\u00e8s 250m de grimpouille, nous arrivons au niveau d\u2019une petite cabane \u00e0 c\u00f4t\u00e9 du Refuge de T\u00eate Rousse (3187m). Il est 3h, nous avons atteint le 3<sup>\u00e8me<\/sup> check en rattrapant notre retard et m\u00eame mieux, nous avons 30 minutes avant de devoir repartir. C\u2019est motivant&nbsp;!<\/p>\n\n\n\n<p class=\"has-text-align-justify\">Si C\u00e9dric a eu un petit coup de mou dans la mont\u00e9e, manger une barre lui a redonn\u00e9 de l\u2019\u00e9nergie et il va mieux. Nous d\u00e9cidons de ne pas faire de pause et d\u2019\u00e9viter le d\u00e9tour jusqu\u2019au refuge et de tracer tout droit vers la suite de l\u2019itin\u00e9raire. Nous devons traverser un petit glacier, aussi nous troquons nos chaussures de trail, que nous cachons sous la cabane, pour nos chaussures d\u2019alpinisme et nos crampons. \u00c7a va all\u00e9ger le sac, quel plaisir&nbsp;! Nous avons pr\u00e9f\u00e9r\u00e9 porter les grosses (grosses = chaussures d\u2019alpi) sur le sac jusqu\u2019\u00e0 l\u00e0 pour \u00e9viter de trop souffrir des pieds. Nous sommes fouett\u00e9s par un vent que la cabane peine \u00e0 arr\u00eater, on se refroidie. D\u2019autant plus qu\u2019avec la fatigue on est lent, on prend la demi-heure que l\u2019on avait pour s\u2019\u00e9quiper. Pendant que C\u00e9dric se bat avec ses crampons mal r\u00e9gl\u00e9s (note \u00e0 lui-m\u00eame, ne pas pr\u00eater ses crampons), je ferme les yeux quelques minutes.<\/p>\n\n\n\n<p class=\"has-text-align-justify\">Face \u00e0 nous, une myriade de petits points lumineux se succ\u00e8dent dans la mont\u00e9e du Go\u00fbter. Ils sont nombreux \u00e0 tenter le Mont Blanc depuis le Refuge de T\u00eate Rousse (quand le refuge du Go\u00fbter est plein, l\u2019autre solution est de dormir \u00e0 ce refuge, ce qui ajoute 650m d\u2019ascension le jour J). La lune \u00e9claire la face et on distingue bien le tristement c\u00e9l\u00e8bre couloir du Go\u00fbter, lieux de nombreux drames. Avec le r\u00e9chauffement climatique et la fonte du permafrost, les chutes de pierres y sont tr\u00e8s fr\u00e9quentes et impr\u00e9visibles. Parfois, ce sont d\u2019\u00e9normes blocs qui d\u00e9gringolent. Chaque ann\u00e9e, plusieurs accidents dont certains mortels se produisent ici, ce qui a valu au passage le nom de \u00ab&nbsp;Couloir de la Mort&nbsp;\u00bb. Pour se rendre compte de l\u2019ambiance quand \u00e7a tombe, vous pouvez regarder <a href=\"https:\/\/youtu.be\/JUPjRGbeAYU\" data-type=\"URL\" data-id=\"https:\/\/youtu.be\/JUPjRGbeAYU\" target=\"_blank\" rel=\"noreferrer noopener\">cette vid\u00e9o amateur<\/a>. En journ\u00e9e, quand il fait chaud, les chutes se produises plusieurs fois par heure, la nuit quand le regel est bon le risque est moindre. Point rassurant, nous passerons \u00e0 l\u2019aller au meilleur moment. Aucun itin\u00e9raire de difficult\u00e9 similaire n\u2019a pu \u00eatre trouv\u00e9 pour \u00e9viter ce couloir et c\u2019est une des raisons qui poussent certains guides \u00e0 ne plus faire le Mont Banc par la voie normale.<\/p>\n\n\n\n<figure class=\"wp-block-gallery has-nested-images columns-default is-cropped wp-block-gallery-4 is-layout-flex wp-block-gallery-is-layout-flex\">\n<figure class=\"wp-block-image size-full\"><img loading=\"lazy\" decoding=\"async\" width=\"1920\" height=\"1440\" data-id=\"1708\" src=\"https:\/\/gerbauxjoris.fr\/wp-content\/uploads\/2021\/09\/20210925-0330-Mont-Blanc.jpg\" alt=\"\" class=\"wp-image-1708\" srcset=\"https:\/\/gerbauxjoris.fr\/wp-content\/uploads\/2021\/09\/20210925-0330-Mont-Blanc.jpg 1920w, https:\/\/gerbauxjoris.fr\/wp-content\/uploads\/2021\/09\/20210925-0330-Mont-Blanc-300x225.jpg 300w, https:\/\/gerbauxjoris.fr\/wp-content\/uploads\/2021\/09\/20210925-0330-Mont-Blanc-1024x768.jpg 1024w, https:\/\/gerbauxjoris.fr\/wp-content\/uploads\/2021\/09\/20210925-0330-Mont-Blanc-768x576.jpg 768w, https:\/\/gerbauxjoris.fr\/wp-content\/uploads\/2021\/09\/20210925-0330-Mont-Blanc-1536x1152.jpg 1536w\" sizes=\"(max-width: 1920px) 100vw, 1920px\" \/><figcaption class=\"wp-element-caption\">Myriade de frontale dans la mont\u00e9e du Go\u00fbter<\/figcaption><\/figure>\n<\/figure>\n\n\n\n<div style=\"height:50px\" aria-hidden=\"true\" class=\"wp-block-spacer\"><\/div>\n\n\n\n<p class=\"has-text-align-justify\">Nous repartons \u00e0 3h30, pile poile dans l\u2019horaire. Nous traversons le glacier et rejoignons les rochers. Nous gardons les crampons sur les conseils du gardien de T\u00eate Rousse que j\u2019ai appel\u00e9 la veille et qui nous a confirm\u00e9 la pr\u00e9sence de neige sur la mont\u00e9e. \u00c7a n\u2019arrange pas nos affaires, il est plus fatiguant de grimper en crampons que sans. Nous arrivons rapidement au niveau du Couloir de la Mort, mais ayant oubli\u00e9 de manger lors de notre derni\u00e8re pause, je souffre d\u2019une hypoglyc\u00e9mie. On trouve un endroit bien abrit\u00e9 sous un gros rocher et on s\u2019arr\u00eate quelques minutes pour manger une grosse barre bien calorique. A ce moment, on entend un gros fracas juste \u00e0 c\u00f4t\u00e9 de nous. Pur\u00e9e, \u00e7a parpine s\u00e9v\u00e8re dans le couloir&nbsp;! J\u2019esp\u00e8re que personne n\u2019y \u00e9tait au mauvais moment\u2026 On repart et on arrive au couloir. Malgr\u00e9 le fait que ce soit tr\u00e8s facile techniquement (il y a un chemin marqu\u00e9 tout le long des 70m de travers\u00e9e), on a une petite boule au ventre, on en a tellement entendu parler de ce couloir. Un c\u00e2ble permet de s\u2019attacher, mais il est en hauteur et il faudrait sortir la corde pour cela, on ne va pas perdre de temps. J\u2019ai en m\u00e9moire la vid\u00e9o d\u2019un anglais, courant sur ce chemin pour passer le plus vite possible et tr\u00e9buchant droit dans le vide, arr\u00eat\u00e9 d\u2019une chute mortelle par chance par des rochers. On ne va pas commettre la m\u00eame erreur, on marche d\u2019un bon rythme mais sans pr\u00e9cipitation en gardant un \u0153il sur ce qui arrive au-dessus de nous. Ouf, on est pass\u00e9&nbsp;!<\/p>\n\n\n\n<p class=\"has-text-align-justify\">On rejoint alors d\u2019autres cord\u00e9es, qui se reposaient \u00e0 l\u2019abri du couloir, que l\u2019on d\u00e9passe. On trouve peu apr\u00e8s un groupe d\u2019anglais, avec un mec d\u00e9j\u00e0 compl\u00e8tement \u00e9puis\u00e9 (malgr\u00e9 le fait qu\u2019il venait de partir de T\u00eate Rousse) et qui prend une pause tout les 2 pas. Apr\u00e8s avoir v\u00e9rifi\u00e9 qu\u2019ils n\u2019avaient pas besoin d\u2019aide, nous continuons l\u2019ascension. Celle-ci est assez plaisante, il faut souvent mettre les mains mais \u00e7a reste toujours facile. Chaque passage scabreux est \u00e9quip\u00e9 d\u2019un (voir deux&nbsp;!) bon c\u00e2ble et le rocher est plut\u00f4t sain, toutes les pierres instables ayant \u00e9t\u00e9 purg\u00e9es par les nombreux passages. \u00c7a ressemble plus \u00e0 une via ferrata qu\u2019une course d\u2019alpinisme, je n\u2019avais jamais vu un tel \u00e9quipement ailleurs, on comprend bien qu\u2019on est sur une autoroute \u00e0 \u00ab&nbsp;touriste&nbsp;\u00bb. On ne peut pas dire qu\u2019on est \u00e9tonn\u00e9, mais je ne m\u2019attendant tout de m\u00eame pas \u00e0 \u00e7a. Nous montons non encord\u00e9s car nous n&rsquo;en voyons pas la n\u00e9cessit\u00e9, nous avons suffisamment de marge technique. Nous restons donc bien concentr\u00e9s car la chute est interdite. C\u00e9dric me fait une petite frayeur, un de ses crampons glisse juste au-dessus de moi et manque de m\u2019arriver dans la t\u00eate. Tout doux l\u2019ami&nbsp;! Tout au long de l\u2019ascension, nous voyons les frontales au-dessus de nous qui nous montre combien il nous reste avant d\u2019arriver en haut. \u00c7a semble loin&nbsp;! Dans les derniers 200 m\u00e8tres, \u00e7a se raidifie et la grimpe devient plus continue mais la difficult\u00e9 reste la m\u00eame. A notre gauche, le Couloir du Go\u00fbter qui est plut\u00f4t calme par rapport \u00e0 sa r\u00e9putation, ce qui me rassure pour la descente (enfin, nous y seront plus tard et il suffit d\u2019une pierre\u2026). Je comprends \u00e0 ce moment que le grand fracas que l\u2019on a entendu plus t\u00f4t \u00e9tait plus vraisemblablement d\u00fb \u00e0 une chute de s\u00e9rac un peu plus loin.<\/p>\n\n\n\n<p class=\"has-text-align-justify\">Je suis toujours dans le m\u00eame \u00e9tat second, tant que je garde mon rythme j\u2019arrive \u00e0 continuer sans que ce soit un calvaire. L\u2019altitude ne me donne pas de maux de t\u00eate ; alors qu\u2019en d\u00e9but de sortie je n\u2019y croyais pas, je commence \u00e0 me dire que l&rsquo;on peut atteindre le sommet. C\u00e9dric est un peu derri\u00e8re, il fatigue mais il continu sans faire de pause. On arrive finalement \u00e0 l\u2019ancien refuge du Go\u00fbter (qui sert dor\u00e9navant de refuge d\u2019hiver), une structure m\u00e9tallique \u00e9clair\u00e9e par la lune, perch\u00e9 \u00e0 3817m au bord du vide ; c\u2019est \u00e9tonnant de voir un tel b\u00e2timent en ce lieu. Et ce n\u2019est rien par rapport au nouveau refuge, qui se dresse fi\u00e8rement \u00e0 une centaine de m\u00e8tre de l\u00e0. Sa forme est tr\u00e8s caract\u00e9ristique, je suis content d\u2019enfin le voir en vrai. Pour le rejoindre, il faut suivre une croupe enneig\u00e9e \u00e9quip\u00e9e d\u2019une corde tout du long. On nous m\u00e2che vraiment le travail, c\u2019est presque d\u00e9cevant&nbsp;! Enfin, avec le fort vent qui souffle on en profite tout de m\u00eame pour s\u2019y attacher, on ne va pas cracher sur de la s\u00e9curit\u00e9 gratuite. Si on a du vent depuis un moment, celui-ci est devenu fort depuis que l\u2019on est sorti de la face, au niveau de l\u2019ancien refuge. Il est 5h30, il fait toujours nuit noire et nous nous engouffrons enfin dans l\u2019entr\u00e9e du refuge. Check point num\u00e9ro 4 atteint avec 1h d\u2019avance sur le timing. En incluant les 30 minutes de pause pr\u00e9vue nous avons 1h30 devant nous. Il y a du monde dans la salle d\u2019\u00e9quipement, plusieurs cord\u00e9es font une pause et s\u2019abritent du vent. Nous retrouvons notamment nos amis du d\u00e9but, qui n\u2019irons pas plus haut, du fait du vent et de la fatigue. Nous mangeons un petit quelque chose et nous nous allongeons dans un recoin pour dormir 40 minutes. Si C\u00e9dric tombe directement, je prends le temps de gonfler mon matelas, je ne l\u2019aurais pas mont\u00e9 pour rien&nbsp;! Et je suis content de l\u2019avoir, je profite \u00e0 fond de ce sommeil agit\u00e9, malgr\u00e9 le bruit environnant.<\/p>\n\n\n\n<p>Le r\u00e9veil sonne, la sieste nous a fait du bien m\u00eame si nous sommes gel\u00e9s, notre corps s\u2019est refroidi pendant le sommeil. Nous nous couvrons et nous activons pour nous r\u00e9chauffer. On fait le point ; si C\u00e9dric \u00e9tait plut\u00f4t parti pour arr\u00eater avant la sieste (\u00e0 la question \u00ab&nbsp;Tu penses pouvoir continuer&nbsp;\u00bb, il m\u2019avait r\u00e9pondu d\u2019un \u00ab&nbsp;oui\u2026&nbsp;\u00bb qui voulait clairement dire non) il se sent d\u00e9sormais mieux et nous sommes tous les deux motiv\u00e9s. On s\u2019habille chaudement, on s\u2019encorde et on sort. Il est 7h, \u00e7a y est, il fait enfin jour, on peut laisser la frontale au refuge. Le vent semble encore plus fort, \u00e7a va \u00eatre folklore. Alors que nous montons en direction d\u2019une petite ar\u00eate neigeuse juste au-dessus du refuge, nous croisons deux cord\u00e9es qui redescendent. La guide de la premi\u00e8re cord\u00e9e nous dit qu\u2019elle a fait demi-tour car elle se faisait emport\u00e9e par le vent&nbsp;; l\u2019autre cord\u00e9e nous dit la m\u00eame chose. Eh bien, \u00e7a ne s\u2019annonce pas si facile. On monte tout de m\u00eame pour constater par nous m\u00eame. Sur l\u2019ar\u00eate, le vent est effectivement fort, je l\u2019ai mesur\u00e9 \u00e0 60km\/h en moyenne avec mon an\u00e9mom\u00e8tre et il souffle de profil. L\u2019ar\u00eate est assez effil\u00e9e et m\u00eame si les pentes de neige qui en d\u00e9coulent ne sont pas tr\u00e8s raides, il vaut mieux \u00e9viter de tomber&nbsp;; d\u2019un c\u00f4t\u00e9 un toboggan de 100m d\u00e9bouche sur un glacier crevass\u00e9 en contrebas, de l\u2019autre on risque un saut de 700m dans des rochers. Le grand nombre de passage a cr\u00e9\u00e9 un bon chemin sur le fil, aussi nous d\u00e9cidons de tout de m\u00eame aller voir. Apr\u00e8s 100 \u00e0 200m d\u2019ar\u00eate, on devrait rejoint une face sous le D\u00f4me du Go\u00fbter bien moins expos\u00e9e. J\u2019ai \u00e0 peine le temps de partir que je me prends une grosse rafale de vent. Je me cramponne, regarde mon an\u00e9mom\u00e8tre et lit plus de 100km\/h. Dans ma t\u00eate le calcul est rapide, si le vent souffle \u00e0 100km\/h \u00e0 3800m, qu\u2019est ce que \u00e7a va \u00eatre \u00e0 4800m&nbsp;? Avec notre \u00e9tat de fatigue, j\u2019estime qu\u2019on a plus la marge n\u00e9cessaire pour continuer l\u2019ascension en s\u00e9curit\u00e9. Je fais signe \u00e0 C\u00e9dric que je n\u2019irais pas plus loin, il acquiesce. On se regroupe et on discute. On est tous les deux d\u2019accord sur le fait d\u2019arr\u00eater, d\u2019autant plus qu\u2019en face de nous, on voit quasiment toutes les cord\u00e9es dans la mont\u00e9e du D\u00f4me du Go\u00fbter presque \u00e0 l\u2019arr\u00eat, redescendre en se battant contre le vent, certainement sans avoir fait le sommet vu l&rsquo;heure. On reste tout de m\u00eame quelques minutes sur l\u2019ar\u00eate pour profiter des couleurs du petit matin. La vue est magnifique sur la chaine du Mont Blanc \u00e0 l\u2019Est et sur l\u2019Aiguille de Bionnassay \u00e0 l\u2019Ouest. On se fait fouetter par le vent, mais le refuge est juste sous nous, on ne risque rien. \u00c9tonnant sentiment que d\u2019\u00eatre dans un endroit si hostile et de savoir qu\u2019a 1 minute on peut trouver la qui\u00e9tude d\u2019une salle chauff\u00e9e.<\/p>\n\n\n\n<div style=\"height:30px\" aria-hidden=\"true\" class=\"wp-block-spacer\"><\/div>\n\n\n\n<div class=\"wp-block-group alignfull has-global-padding is-layout-constrained wp-block-group-is-layout-constrained\">\n<div class=\"wp-block-jetpack-tiled-gallery alignfull is-style-rectangular\"><div class=\"tiled-gallery__gallery\"><div class=\"tiled-gallery__row\"><div class=\"tiled-gallery__col\" style=\"flex-basis:66.72252%\"><figure class=\"tiled-gallery__item\"><a href=\"https:\/\/gerbauxjoris.fr\/wp-content\/uploads\/2021\/09\/20210925-0707-Mont-Blanc.jpg\" data-lbwps-width=\"1923\" data-lbwps-height=\"1440\" data-lbwps-srcsmall=\"https:\/\/gerbauxjoris.fr\/wp-content\/uploads\/2021\/09\/20210925-0707-Mont-Blanc-300x225.jpg\" data-lbwps-caption=\"C\u00e9dric contre le vent sur l&amp;rsquo;ar\u00eate, au fond les cord\u00e9es sous le D\u00f4me du Go\u00fbter\"><img decoding=\"async\" srcset=\"https:\/\/i1.wp.com\/gerbauxjoris.fr\/wp-content\/uploads\/2021\/09\/20210925-0707-Mont-Blanc.jpg?strip=info&#038;w=600 600w,https:\/\/i1.wp.com\/gerbauxjoris.fr\/wp-content\/uploads\/2021\/09\/20210925-0707-Mont-Blanc.jpg?strip=info&#038;w=900 900w,https:\/\/i1.wp.com\/gerbauxjoris.fr\/wp-content\/uploads\/2021\/09\/20210925-0707-Mont-Blanc.jpg?strip=info&#038;w=1200 1200w,https:\/\/i1.wp.com\/gerbauxjoris.fr\/wp-content\/uploads\/2021\/09\/20210925-0707-Mont-Blanc.jpg?strip=info&#038;w=1500 1500w,https:\/\/i1.wp.com\/gerbauxjoris.fr\/wp-content\/uploads\/2021\/09\/20210925-0707-Mont-Blanc.jpg?strip=info&#038;w=1800 1800w,https:\/\/i1.wp.com\/gerbauxjoris.fr\/wp-content\/uploads\/2021\/09\/20210925-0707-Mont-Blanc.jpg?strip=info&#038;w=1923 1923w\" alt=\"\" data-height=\"1440\" data-id=\"1709\" data-link=\"https:\/\/gerbauxjoris.fr\/?attachment_id=1709\" data-url=\"https:\/\/gerbauxjoris.fr\/wp-content\/uploads\/2021\/09\/20210925-0707-Mont-Blanc.jpg\" data-width=\"1923\" src=\"https:\/\/i1.wp.com\/gerbauxjoris.fr\/wp-content\/uploads\/2021\/09\/20210925-0707-Mont-Blanc.jpg\" data-amp-layout=\"responsive\"\/><\/a><\/figure><\/div><div class=\"tiled-gallery__col\" style=\"flex-basis:33.27748%\"><figure class=\"tiled-gallery__item\"><a href=\"https:\/\/gerbauxjoris.fr\/wp-content\/uploads\/2021\/09\/20210925-0708-Mont-Blanc.jpg\" data-lbwps-width=\"1923\" data-lbwps-height=\"1440\" data-lbwps-srcsmall=\"https:\/\/gerbauxjoris.fr\/wp-content\/uploads\/2021\/09\/20210925-0708-Mont-Blanc-300x225.jpg\" data-lbwps-caption=\"Refuge du Go\u00fbter\"><img decoding=\"async\" srcset=\"https:\/\/i1.wp.com\/gerbauxjoris.fr\/wp-content\/uploads\/2021\/09\/20210925-0708-Mont-Blanc.jpg?strip=info&#038;w=600 600w,https:\/\/i1.wp.com\/gerbauxjoris.fr\/wp-content\/uploads\/2021\/09\/20210925-0708-Mont-Blanc.jpg?strip=info&#038;w=900 900w,https:\/\/i1.wp.com\/gerbauxjoris.fr\/wp-content\/uploads\/2021\/09\/20210925-0708-Mont-Blanc.jpg?strip=info&#038;w=1200 1200w,https:\/\/i1.wp.com\/gerbauxjoris.fr\/wp-content\/uploads\/2021\/09\/20210925-0708-Mont-Blanc.jpg?strip=info&#038;w=1500 1500w,https:\/\/i1.wp.com\/gerbauxjoris.fr\/wp-content\/uploads\/2021\/09\/20210925-0708-Mont-Blanc.jpg?strip=info&#038;w=1800 1800w,https:\/\/i1.wp.com\/gerbauxjoris.fr\/wp-content\/uploads\/2021\/09\/20210925-0708-Mont-Blanc.jpg?strip=info&#038;w=1923 1923w\" alt=\"\" data-height=\"1440\" data-id=\"1710\" data-link=\"https:\/\/gerbauxjoris.fr\/?attachment_id=1710\" data-url=\"https:\/\/gerbauxjoris.fr\/wp-content\/uploads\/2021\/09\/20210925-0708-Mont-Blanc.jpg\" data-width=\"1923\" src=\"https:\/\/i1.wp.com\/gerbauxjoris.fr\/wp-content\/uploads\/2021\/09\/20210925-0708-Mont-Blanc.jpg\" data-amp-layout=\"responsive\"\/><\/a><\/figure><figure class=\"tiled-gallery__item\"><a href=\"https:\/\/gerbauxjoris.fr\/wp-content\/uploads\/2021\/09\/20210925-0709-Mont-Blanc.jpg\" data-lbwps-width=\"1923\" data-lbwps-height=\"1440\" data-lbwps-srcsmall=\"https:\/\/gerbauxjoris.fr\/wp-content\/uploads\/2021\/09\/20210925-0709-Mont-Blanc-300x225.jpg\" data-lbwps-caption=\"Aiguille de Bionnassay\"><img decoding=\"async\" srcset=\"https:\/\/i0.wp.com\/gerbauxjoris.fr\/wp-content\/uploads\/2021\/09\/20210925-0709-Mont-Blanc.jpg?strip=info&#038;w=600 600w,https:\/\/i0.wp.com\/gerbauxjoris.fr\/wp-content\/uploads\/2021\/09\/20210925-0709-Mont-Blanc.jpg?strip=info&#038;w=900 900w,https:\/\/i0.wp.com\/gerbauxjoris.fr\/wp-content\/uploads\/2021\/09\/20210925-0709-Mont-Blanc.jpg?strip=info&#038;w=1200 1200w,https:\/\/i0.wp.com\/gerbauxjoris.fr\/wp-content\/uploads\/2021\/09\/20210925-0709-Mont-Blanc.jpg?strip=info&#038;w=1500 1500w,https:\/\/i0.wp.com\/gerbauxjoris.fr\/wp-content\/uploads\/2021\/09\/20210925-0709-Mont-Blanc.jpg?strip=info&#038;w=1800 1800w,https:\/\/i0.wp.com\/gerbauxjoris.fr\/wp-content\/uploads\/2021\/09\/20210925-0709-Mont-Blanc.jpg?strip=info&#038;w=1923 1923w\" alt=\"\" data-height=\"1440\" data-id=\"1711\" data-link=\"https:\/\/gerbauxjoris.fr\/?attachment_id=1711\" data-url=\"https:\/\/gerbauxjoris.fr\/wp-content\/uploads\/2021\/09\/20210925-0709-Mont-Blanc.jpg\" data-width=\"1923\" src=\"https:\/\/i0.wp.com\/gerbauxjoris.fr\/wp-content\/uploads\/2021\/09\/20210925-0709-Mont-Blanc.jpg\" data-amp-layout=\"responsive\"\/><\/a><\/figure><\/div><\/div><div class=\"tiled-gallery__row\"><div class=\"tiled-gallery__col\" style=\"flex-basis:33.27173%\"><figure class=\"tiled-gallery__item\"><a href=\"https:\/\/gerbauxjoris.fr\/wp-content\/uploads\/2021\/09\/20210925-0712-Mont-Blanc.jpg\" data-lbwps-width=\"1923\" data-lbwps-height=\"1440\" data-lbwps-srcsmall=\"https:\/\/gerbauxjoris.fr\/wp-content\/uploads\/2021\/09\/20210925-0712-Mont-Blanc-300x225.jpg\" data-lbwps-caption=\"C\u00e9dric se bat contre le vent\"><img decoding=\"async\" srcset=\"https:\/\/i2.wp.com\/gerbauxjoris.fr\/wp-content\/uploads\/2021\/09\/20210925-0712-Mont-Blanc.jpg?strip=info&#038;w=600 600w,https:\/\/i2.wp.com\/gerbauxjoris.fr\/wp-content\/uploads\/2021\/09\/20210925-0712-Mont-Blanc.jpg?strip=info&#038;w=900 900w,https:\/\/i2.wp.com\/gerbauxjoris.fr\/wp-content\/uploads\/2021\/09\/20210925-0712-Mont-Blanc.jpg?strip=info&#038;w=1200 1200w,https:\/\/i2.wp.com\/gerbauxjoris.fr\/wp-content\/uploads\/2021\/09\/20210925-0712-Mont-Blanc.jpg?strip=info&#038;w=1500 1500w,https:\/\/i2.wp.com\/gerbauxjoris.fr\/wp-content\/uploads\/2021\/09\/20210925-0712-Mont-Blanc.jpg?strip=info&#038;w=1800 1800w,https:\/\/i2.wp.com\/gerbauxjoris.fr\/wp-content\/uploads\/2021\/09\/20210925-0712-Mont-Blanc.jpg?strip=info&#038;w=1923 1923w\" alt=\"\" data-height=\"1440\" data-id=\"1712\" data-link=\"https:\/\/gerbauxjoris.fr\/?attachment_id=1712\" data-url=\"https:\/\/gerbauxjoris.fr\/wp-content\/uploads\/2021\/09\/20210925-0712-Mont-Blanc.jpg\" data-width=\"1923\" src=\"https:\/\/i2.wp.com\/gerbauxjoris.fr\/wp-content\/uploads\/2021\/09\/20210925-0712-Mont-Blanc.jpg\" data-amp-layout=\"responsive\"\/><\/a><\/figure><figure class=\"tiled-gallery__item\"><a href=\"https:\/\/gerbauxjoris.fr\/wp-content\/uploads\/2021\/09\/20210925-0714-Mont-Blanc.jpg\" data-lbwps-width=\"1922\" data-lbwps-height=\"1440\" data-lbwps-srcsmall=\"https:\/\/gerbauxjoris.fr\/wp-content\/uploads\/2021\/09\/20210925-0714-Mont-Blanc-300x225.jpg\" data-lbwps-caption=\"Au fond, l&amp;rsquo;ancien refuge du Go\u00fbter\"><img decoding=\"async\" srcset=\"https:\/\/i0.wp.com\/gerbauxjoris.fr\/wp-content\/uploads\/2021\/09\/20210925-0714-Mont-Blanc.jpg?strip=info&#038;w=600 600w,https:\/\/i0.wp.com\/gerbauxjoris.fr\/wp-content\/uploads\/2021\/09\/20210925-0714-Mont-Blanc.jpg?strip=info&#038;w=900 900w,https:\/\/i0.wp.com\/gerbauxjoris.fr\/wp-content\/uploads\/2021\/09\/20210925-0714-Mont-Blanc.jpg?strip=info&#038;w=1200 1200w,https:\/\/i0.wp.com\/gerbauxjoris.fr\/wp-content\/uploads\/2021\/09\/20210925-0714-Mont-Blanc.jpg?strip=info&#038;w=1500 1500w,https:\/\/i0.wp.com\/gerbauxjoris.fr\/wp-content\/uploads\/2021\/09\/20210925-0714-Mont-Blanc.jpg?strip=info&#038;w=1800 1800w,https:\/\/i0.wp.com\/gerbauxjoris.fr\/wp-content\/uploads\/2021\/09\/20210925-0714-Mont-Blanc.jpg?strip=info&#038;w=1922 1922w\" alt=\"\" data-height=\"1440\" data-id=\"1713\" data-link=\"https:\/\/gerbauxjoris.fr\/?attachment_id=1713\" data-url=\"https:\/\/gerbauxjoris.fr\/wp-content\/uploads\/2021\/09\/20210925-0714-Mont-Blanc.jpg\" data-width=\"1922\" src=\"https:\/\/i0.wp.com\/gerbauxjoris.fr\/wp-content\/uploads\/2021\/09\/20210925-0714-Mont-Blanc.jpg\" data-amp-layout=\"responsive\"\/><\/a><\/figure><\/div><div class=\"tiled-gallery__col\" style=\"flex-basis:66.72827%\"><figure class=\"tiled-gallery__item\"><a href=\"https:\/\/gerbauxjoris.fr\/wp-content\/uploads\/2021\/09\/20210925-0715-Mont-Blanc.jpg\" data-lbwps-width=\"1923\" data-lbwps-height=\"1440\" data-lbwps-srcsmall=\"https:\/\/gerbauxjoris.fr\/wp-content\/uploads\/2021\/09\/20210925-0715-Mont-Blanc-300x225.jpg\" data-lbwps-caption=\"Morning lights \"><img decoding=\"async\" srcset=\"https:\/\/i0.wp.com\/gerbauxjoris.fr\/wp-content\/uploads\/2021\/09\/20210925-0715-Mont-Blanc.jpg?strip=info&#038;w=600 600w,https:\/\/i0.wp.com\/gerbauxjoris.fr\/wp-content\/uploads\/2021\/09\/20210925-0715-Mont-Blanc.jpg?strip=info&#038;w=900 900w,https:\/\/i0.wp.com\/gerbauxjoris.fr\/wp-content\/uploads\/2021\/09\/20210925-0715-Mont-Blanc.jpg?strip=info&#038;w=1200 1200w,https:\/\/i0.wp.com\/gerbauxjoris.fr\/wp-content\/uploads\/2021\/09\/20210925-0715-Mont-Blanc.jpg?strip=info&#038;w=1500 1500w,https:\/\/i0.wp.com\/gerbauxjoris.fr\/wp-content\/uploads\/2021\/09\/20210925-0715-Mont-Blanc.jpg?strip=info&#038;w=1800 1800w,https:\/\/i0.wp.com\/gerbauxjoris.fr\/wp-content\/uploads\/2021\/09\/20210925-0715-Mont-Blanc.jpg?strip=info&#038;w=1923 1923w\" alt=\"\" data-height=\"1440\" data-id=\"1714\" data-link=\"https:\/\/gerbauxjoris.fr\/?attachment_id=1714\" data-url=\"https:\/\/gerbauxjoris.fr\/wp-content\/uploads\/2021\/09\/20210925-0715-Mont-Blanc.jpg\" data-width=\"1923\" src=\"https:\/\/i0.wp.com\/gerbauxjoris.fr\/wp-content\/uploads\/2021\/09\/20210925-0715-Mont-Blanc.jpg\" data-amp-layout=\"responsive\"\/><\/a><\/figure><\/div><\/div><div class=\"tiled-gallery__row\"><div class=\"tiled-gallery__col\" style=\"flex-basis:33.33333%\"><figure class=\"tiled-gallery__item\"><a href=\"https:\/\/gerbauxjoris.fr\/wp-content\/uploads\/2021\/09\/20210925-0719-Mont-Blanc.jpg\" data-lbwps-width=\"1923\" data-lbwps-height=\"1440\" data-lbwps-srcsmall=\"https:\/\/gerbauxjoris.fr\/wp-content\/uploads\/2021\/09\/20210925-0719-Mont-Blanc-300x225.jpg\" data-lbwps-caption=\"On a encore les yeux (a peu pr\u00e8s) ouverts\"><img decoding=\"async\" srcset=\"https:\/\/i2.wp.com\/gerbauxjoris.fr\/wp-content\/uploads\/2021\/09\/20210925-0719-Mont-Blanc.jpg?strip=info&#038;w=600 600w,https:\/\/i2.wp.com\/gerbauxjoris.fr\/wp-content\/uploads\/2021\/09\/20210925-0719-Mont-Blanc.jpg?strip=info&#038;w=900 900w,https:\/\/i2.wp.com\/gerbauxjoris.fr\/wp-content\/uploads\/2021\/09\/20210925-0719-Mont-Blanc.jpg?strip=info&#038;w=1200 1200w,https:\/\/i2.wp.com\/gerbauxjoris.fr\/wp-content\/uploads\/2021\/09\/20210925-0719-Mont-Blanc.jpg?strip=info&#038;w=1500 1500w,https:\/\/i2.wp.com\/gerbauxjoris.fr\/wp-content\/uploads\/2021\/09\/20210925-0719-Mont-Blanc.jpg?strip=info&#038;w=1800 1800w,https:\/\/i2.wp.com\/gerbauxjoris.fr\/wp-content\/uploads\/2021\/09\/20210925-0719-Mont-Blanc.jpg?strip=info&#038;w=1923 1923w\" alt=\"\" data-height=\"1440\" data-id=\"1715\" data-link=\"https:\/\/gerbauxjoris.fr\/?attachment_id=1715\" data-url=\"https:\/\/gerbauxjoris.fr\/wp-content\/uploads\/2021\/09\/20210925-0719-Mont-Blanc.jpg\" data-width=\"1923\" src=\"https:\/\/i2.wp.com\/gerbauxjoris.fr\/wp-content\/uploads\/2021\/09\/20210925-0719-Mont-Blanc.jpg\" data-amp-layout=\"responsive\"\/><\/a><\/figure><\/div><div class=\"tiled-gallery__col\" style=\"flex-basis:33.33333%\"><figure class=\"tiled-gallery__item\"><a href=\"https:\/\/gerbauxjoris.fr\/wp-content\/uploads\/2021\/09\/20210925-0721-Mont-Blanc.jpg\" data-lbwps-width=\"1923\" data-lbwps-height=\"1440\" data-lbwps-srcsmall=\"https:\/\/gerbauxjoris.fr\/wp-content\/uploads\/2021\/09\/20210925-0721-Mont-Blanc-300x225.jpg\" data-lbwps-caption=\"Ciel en feu sur le D\u00f4me du Go\u00fbter\"><img decoding=\"async\" srcset=\"https:\/\/i1.wp.com\/gerbauxjoris.fr\/wp-content\/uploads\/2021\/09\/20210925-0721-Mont-Blanc.jpg?strip=info&#038;w=600 600w,https:\/\/i1.wp.com\/gerbauxjoris.fr\/wp-content\/uploads\/2021\/09\/20210925-0721-Mont-Blanc.jpg?strip=info&#038;w=900 900w,https:\/\/i1.wp.com\/gerbauxjoris.fr\/wp-content\/uploads\/2021\/09\/20210925-0721-Mont-Blanc.jpg?strip=info&#038;w=1200 1200w,https:\/\/i1.wp.com\/gerbauxjoris.fr\/wp-content\/uploads\/2021\/09\/20210925-0721-Mont-Blanc.jpg?strip=info&#038;w=1500 1500w,https:\/\/i1.wp.com\/gerbauxjoris.fr\/wp-content\/uploads\/2021\/09\/20210925-0721-Mont-Blanc.jpg?strip=info&#038;w=1800 1800w,https:\/\/i1.wp.com\/gerbauxjoris.fr\/wp-content\/uploads\/2021\/09\/20210925-0721-Mont-Blanc.jpg?strip=info&#038;w=1923 1923w\" alt=\"\" data-height=\"1440\" data-id=\"1716\" data-link=\"https:\/\/gerbauxjoris.fr\/?attachment_id=1716\" data-url=\"https:\/\/gerbauxjoris.fr\/wp-content\/uploads\/2021\/09\/20210925-0721-Mont-Blanc.jpg\" data-width=\"1923\" src=\"https:\/\/i1.wp.com\/gerbauxjoris.fr\/wp-content\/uploads\/2021\/09\/20210925-0721-Mont-Blanc.jpg\" data-amp-layout=\"responsive\"\/><\/a><\/figure><\/div><div class=\"tiled-gallery__col\" style=\"flex-basis:33.33333%\"><figure class=\"tiled-gallery__item\"><a href=\"https:\/\/gerbauxjoris.fr\/wp-content\/uploads\/2021\/09\/20210925-0724-Mont-Blanc.jpg\" data-lbwps-width=\"1923\" data-lbwps-height=\"1440\" data-lbwps-srcsmall=\"https:\/\/gerbauxjoris.fr\/wp-content\/uploads\/2021\/09\/20210925-0724-Mont-Blanc-300x225.jpg\" data-lbwps-caption=\"Retour au refuge bredouille, ou plut\u00f4t brocouille comme on dit dans le bouchonnois\"><img decoding=\"async\" srcset=\"https:\/\/i2.wp.com\/gerbauxjoris.fr\/wp-content\/uploads\/2021\/09\/20210925-0724-Mont-Blanc.jpg?strip=info&#038;w=600 600w,https:\/\/i2.wp.com\/gerbauxjoris.fr\/wp-content\/uploads\/2021\/09\/20210925-0724-Mont-Blanc.jpg?strip=info&#038;w=900 900w,https:\/\/i2.wp.com\/gerbauxjoris.fr\/wp-content\/uploads\/2021\/09\/20210925-0724-Mont-Blanc.jpg?strip=info&#038;w=1200 1200w,https:\/\/i2.wp.com\/gerbauxjoris.fr\/wp-content\/uploads\/2021\/09\/20210925-0724-Mont-Blanc.jpg?strip=info&#038;w=1500 1500w,https:\/\/i2.wp.com\/gerbauxjoris.fr\/wp-content\/uploads\/2021\/09\/20210925-0724-Mont-Blanc.jpg?strip=info&#038;w=1800 1800w,https:\/\/i2.wp.com\/gerbauxjoris.fr\/wp-content\/uploads\/2021\/09\/20210925-0724-Mont-Blanc.jpg?strip=info&#038;w=1923 1923w\" alt=\"\" data-height=\"1440\" data-id=\"1717\" data-link=\"https:\/\/gerbauxjoris.fr\/?attachment_id=1717\" data-url=\"https:\/\/gerbauxjoris.fr\/wp-content\/uploads\/2021\/09\/20210925-0724-Mont-Blanc.jpg\" data-width=\"1923\" src=\"https:\/\/i2.wp.com\/gerbauxjoris.fr\/wp-content\/uploads\/2021\/09\/20210925-0724-Mont-Blanc.jpg\" data-amp-layout=\"responsive\"\/><\/a><\/figure><\/div><\/div><\/div><\/div>\n<\/div>\n\n\n\n<div style=\"height:50px\" aria-hidden=\"true\" class=\"wp-block-spacer\"><\/div>\n\n\n\n<div class=\"wp-block-columns is-layout-flex wp-container-core-columns-layout-2 wp-block-columns-is-layout-flex\">\n<div class=\"wp-block-column is-layout-flow wp-block-column-is-layout-flow\">\n<p class=\"has-text-align-justify\">On finit par rejoindre le refuge ou l\u2019on se pr\u00e9pare une portion de p\u00e2tes lyophilis\u00e9 accompagn\u00e9e d\u2019une bi\u00e8re. OK une bi\u00e8re \u00e0 7h30 du matin \u00e7a fait alcoolique, mais on avait plus le sentiment de fin de journ\u00e9e qu\u2019autre chose. On est un peu d\u00e9\u00e7u de ne pas pouvoir faire le sommet, surtout qu\u2019on se sentait d\u2019y aller. Mais la montagne \u00e0 toujours le dernier mot. Physiquement, \u00e7a l\u2019aurait surement fait, mais on n\u2019est pas \u00e0 l\u2019abri d\u2019un MAM (Mal Aigu des Montagnes) ou d\u2019un autre impr\u00e9vu. On ne saura pas si on aurait pu aller jusqu\u2019au bout. On est d\u00e9j\u00e0 content d\u2019\u00eatre arriv\u00e9 jusqu\u2019\u00e0 l\u00e0, c\u2019est d\u00e9j\u00e0 une belle performance. D\u2019apr\u00e8s ce qu\u2019on a entendu, sur la centaine de pr\u00e9tendant au sommet, aucun ne l\u2019a atteint ce jour, m\u00eame pas ceux qui sont parti tr\u00e8s t\u00f4t avant que le vent ne forcisse ; cela nous conforte dans notre d\u00e9cision.<\/p>\n<\/div>\n\n\n\n<div class=\"wp-block-column is-layout-flow wp-block-column-is-layout-flow\">\n<figure class=\"wp-block-gallery has-nested-images columns-default is-cropped wp-block-gallery-5 is-layout-flex wp-block-gallery-is-layout-flex\">\n<figure class=\"wp-block-image size-large\"><img loading=\"lazy\" decoding=\"async\" width=\"1024\" height=\"768\" src=\"https:\/\/gerbauxjoris.fr\/wp-content\/uploads\/2021\/09\/20210925-0749-Mont-Blanc-1024x768.jpg\" alt=\"\" class=\"wp-image-1718\" srcset=\"https:\/\/gerbauxjoris.fr\/wp-content\/uploads\/2021\/09\/20210925-0749-Mont-Blanc-1024x768.jpg 1024w, https:\/\/gerbauxjoris.fr\/wp-content\/uploads\/2021\/09\/20210925-0749-Mont-Blanc-300x225.jpg 300w, https:\/\/gerbauxjoris.fr\/wp-content\/uploads\/2021\/09\/20210925-0749-Mont-Blanc-768x576.jpg 768w, https:\/\/gerbauxjoris.fr\/wp-content\/uploads\/2021\/09\/20210925-0749-Mont-Blanc-1536x1152.jpg 1536w, https:\/\/gerbauxjoris.fr\/wp-content\/uploads\/2021\/09\/20210925-0749-Mont-Blanc.jpg 1920w\" sizes=\"(max-width: 1024px) 100vw, 1024px\" \/><figcaption class=\"wp-element-caption\">La petite bi\u00e8re de 7h30<\/figcaption><\/figure>\n<\/figure>\n<\/div>\n<\/div>\n\n\n\n<p class=\"has-text-align-justify\">On profite, on profite, mais il nous reste encore un long chemin pour rentrer \u00e0 la maison. On repart \u00e0 8h30, on constate que le vent n\u2019a pas faibli, au contraire. Dans la descente du Go\u00fbter nous sommes globalement \u00e0 l\u2019abri, on ne se prend que quelques rafales de temps en temps, ce qui n\u2019est pas vraiment d\u00e9rangeant. On descend d\u2019un bon rythme, on rattrape vite une file indienne de cord\u00e9es qui rappelle \u00e9trangement une c\u00e9l\u00e8bre photo de l\u2019Everest. A chaque fois que l\u2019on peut, on double les cord\u00e9es ce qui nous permet de garder notre rythme. On arrive \u00e0 la travers\u00e9e du Couloir du Go\u00fbter que l\u2019on passe sans encombre, on rejoint le glacier et on retrouve nos chaussures de trail. Nous avons mis 1h25 pour descendre. On laisse les crampons pour l\u2019instant, pour plus de s\u00e9r\u00e9nit\u00e9 dans les passages gel\u00e9s \u00e0 venir. La suite se fait sans encombre, malgr\u00e9 la fatigue globale qui se fait bien sentir. Nous sommes contents de remettre nos chaussures de trail une fois les passages enneig\u00e9s pass\u00e9s. Nous profitons sur le retour des paysages splendides, \u00e0 l&rsquo;aller c&rsquo;\u00e9tait plus\u2026 noir. A 11h10 nous arrivons au Refuge du Nid d\u2019Aigle ou nous nous posons en contrebas pour faire une pause accompagn\u00e9e d\u2019une petite sieste de 20 minutes. A 12h on reprend la descente, qui nous semble bien longue, pour arriver aux v\u00e9los 1h45 plus tard. Plus que 89km de v\u00e9lo\u2026 Nos sacoches et nos v\u00e9los n\u2019ont pas boug\u00e9, on s\u2019\u00e9quipe et on attaque la descente, \u00e0 fond sur les freins.<\/p>\n\n\n\n<div style=\"height:30px\" aria-hidden=\"true\" class=\"wp-block-spacer\"><\/div>\n\n\n\n<div class=\"wp-block-group alignfull has-global-padding is-layout-constrained wp-block-group-is-layout-constrained\">\n<div class=\"wp-block-jetpack-tiled-gallery alignfull is-style-rectangular\"><div class=\"tiled-gallery__gallery\"><div class=\"tiled-gallery__row\"><div class=\"tiled-gallery__col\" style=\"flex-basis:66.72827%\"><figure class=\"tiled-gallery__item\"><a href=\"https:\/\/gerbauxjoris.fr\/wp-content\/uploads\/2021\/09\/20210925-0833-Mont-Blanc.jpg\" data-lbwps-width=\"1923\" data-lbwps-height=\"1440\" data-lbwps-srcsmall=\"https:\/\/gerbauxjoris.fr\/wp-content\/uploads\/2021\/09\/20210925-0833-Mont-Blanc-300x225.jpg\" data-lbwps-caption=\"Au d\u00e9part du Refuge du Go\u00fbter\"><img decoding=\"async\" srcset=\"https:\/\/i0.wp.com\/gerbauxjoris.fr\/wp-content\/uploads\/2021\/09\/20210925-0833-Mont-Blanc.jpg?strip=info&#038;w=600 600w,https:\/\/i0.wp.com\/gerbauxjoris.fr\/wp-content\/uploads\/2021\/09\/20210925-0833-Mont-Blanc.jpg?strip=info&#038;w=900 900w,https:\/\/i0.wp.com\/gerbauxjoris.fr\/wp-content\/uploads\/2021\/09\/20210925-0833-Mont-Blanc.jpg?strip=info&#038;w=1200 1200w,https:\/\/i0.wp.com\/gerbauxjoris.fr\/wp-content\/uploads\/2021\/09\/20210925-0833-Mont-Blanc.jpg?strip=info&#038;w=1500 1500w,https:\/\/i0.wp.com\/gerbauxjoris.fr\/wp-content\/uploads\/2021\/09\/20210925-0833-Mont-Blanc.jpg?strip=info&#038;w=1800 1800w,https:\/\/i0.wp.com\/gerbauxjoris.fr\/wp-content\/uploads\/2021\/09\/20210925-0833-Mont-Blanc.jpg?strip=info&#038;w=1923 1923w\" alt=\"\" data-height=\"1440\" data-id=\"1719\" data-link=\"https:\/\/gerbauxjoris.fr\/?attachment_id=1719\" data-url=\"https:\/\/gerbauxjoris.fr\/wp-content\/uploads\/2021\/09\/20210925-0833-Mont-Blanc.jpg\" data-width=\"1923\" src=\"https:\/\/i0.wp.com\/gerbauxjoris.fr\/wp-content\/uploads\/2021\/09\/20210925-0833-Mont-Blanc.jpg\" data-amp-layout=\"responsive\"\/><\/a><\/figure><\/div><div class=\"tiled-gallery__col\" style=\"flex-basis:33.27173%\"><figure class=\"tiled-gallery__item\"><a href=\"https:\/\/gerbauxjoris.fr\/wp-content\/uploads\/2021\/09\/20210925-0834-Mont-Blanc.jpg\" data-lbwps-width=\"1923\" data-lbwps-height=\"1440\" data-lbwps-srcsmall=\"https:\/\/gerbauxjoris.fr\/wp-content\/uploads\/2021\/09\/20210925-0834-Mont-Blanc-300x225.jpg\" data-lbwps-caption=\"Refuge du Go\u00fbter et le syst\u00e8me de corde fixe qui y m\u00e8ne\"><img decoding=\"async\" srcset=\"https:\/\/i1.wp.com\/gerbauxjoris.fr\/wp-content\/uploads\/2021\/09\/20210925-0834-Mont-Blanc.jpg?strip=info&#038;w=600 600w,https:\/\/i1.wp.com\/gerbauxjoris.fr\/wp-content\/uploads\/2021\/09\/20210925-0834-Mont-Blanc.jpg?strip=info&#038;w=900 900w,https:\/\/i1.wp.com\/gerbauxjoris.fr\/wp-content\/uploads\/2021\/09\/20210925-0834-Mont-Blanc.jpg?strip=info&#038;w=1200 1200w,https:\/\/i1.wp.com\/gerbauxjoris.fr\/wp-content\/uploads\/2021\/09\/20210925-0834-Mont-Blanc.jpg?strip=info&#038;w=1500 1500w,https:\/\/i1.wp.com\/gerbauxjoris.fr\/wp-content\/uploads\/2021\/09\/20210925-0834-Mont-Blanc.jpg?strip=info&#038;w=1800 1800w,https:\/\/i1.wp.com\/gerbauxjoris.fr\/wp-content\/uploads\/2021\/09\/20210925-0834-Mont-Blanc.jpg?strip=info&#038;w=1923 1923w\" alt=\"\" data-height=\"1440\" data-id=\"1720\" data-link=\"https:\/\/gerbauxjoris.fr\/?attachment_id=1720\" data-url=\"https:\/\/gerbauxjoris.fr\/wp-content\/uploads\/2021\/09\/20210925-0834-Mont-Blanc.jpg\" data-width=\"1923\" src=\"https:\/\/i1.wp.com\/gerbauxjoris.fr\/wp-content\/uploads\/2021\/09\/20210925-0834-Mont-Blanc.jpg\" data-amp-layout=\"responsive\"\/><\/a><\/figure><figure class=\"tiled-gallery__item\"><a href=\"https:\/\/gerbauxjoris.fr\/wp-content\/uploads\/2021\/09\/20210925-0835-Mont-Blanc.jpg\" data-lbwps-width=\"1922\" data-lbwps-height=\"1440\" data-lbwps-srcsmall=\"https:\/\/gerbauxjoris.fr\/wp-content\/uploads\/2021\/09\/20210925-0835-Mont-Blanc-300x225.jpg\" data-lbwps-caption=\"Aiguille du Midi, Aiguille Verte, Mont Blanc du Tacul&amp;#8230;\"><img decoding=\"async\" srcset=\"https:\/\/i0.wp.com\/gerbauxjoris.fr\/wp-content\/uploads\/2021\/09\/20210925-0835-Mont-Blanc.jpg?strip=info&#038;w=600 600w,https:\/\/i0.wp.com\/gerbauxjoris.fr\/wp-content\/uploads\/2021\/09\/20210925-0835-Mont-Blanc.jpg?strip=info&#038;w=900 900w,https:\/\/i0.wp.com\/gerbauxjoris.fr\/wp-content\/uploads\/2021\/09\/20210925-0835-Mont-Blanc.jpg?strip=info&#038;w=1200 1200w,https:\/\/i0.wp.com\/gerbauxjoris.fr\/wp-content\/uploads\/2021\/09\/20210925-0835-Mont-Blanc.jpg?strip=info&#038;w=1500 1500w,https:\/\/i0.wp.com\/gerbauxjoris.fr\/wp-content\/uploads\/2021\/09\/20210925-0835-Mont-Blanc.jpg?strip=info&#038;w=1800 1800w,https:\/\/i0.wp.com\/gerbauxjoris.fr\/wp-content\/uploads\/2021\/09\/20210925-0835-Mont-Blanc.jpg?strip=info&#038;w=1922 1922w\" alt=\"\" data-height=\"1440\" data-id=\"1722\" data-link=\"https:\/\/gerbauxjoris.fr\/?attachment_id=1722\" data-url=\"https:\/\/gerbauxjoris.fr\/wp-content\/uploads\/2021\/09\/20210925-0835-Mont-Blanc.jpg\" data-width=\"1922\" src=\"https:\/\/i0.wp.com\/gerbauxjoris.fr\/wp-content\/uploads\/2021\/09\/20210925-0835-Mont-Blanc.jpg\" data-amp-layout=\"responsive\"\/><\/a><\/figure><\/div><\/div><div class=\"tiled-gallery__row\"><div class=\"tiled-gallery__col\" style=\"flex-basis:36.37895%\"><figure class=\"tiled-gallery__item\"><a href=\"https:\/\/gerbauxjoris.fr\/wp-content\/uploads\/2021\/09\/20210925-0838-Mont-Blanc.jpg\" data-lbwps-width=\"1923\" data-lbwps-height=\"1440\" data-lbwps-srcsmall=\"https:\/\/gerbauxjoris.fr\/wp-content\/uploads\/2021\/09\/20210925-0838-Mont-Blanc-300x225.jpg\" data-lbwps-caption=\"Refuge du Go\u00fbter sur fond d&amp;rsquo;Aiguille de Bionnassay\"><img decoding=\"async\" srcset=\"https:\/\/i0.wp.com\/gerbauxjoris.fr\/wp-content\/uploads\/2021\/09\/20210925-0838-Mont-Blanc.jpg?strip=info&#038;w=600 600w,https:\/\/i0.wp.com\/gerbauxjoris.fr\/wp-content\/uploads\/2021\/09\/20210925-0838-Mont-Blanc.jpg?strip=info&#038;w=900 900w,https:\/\/i0.wp.com\/gerbauxjoris.fr\/wp-content\/uploads\/2021\/09\/20210925-0838-Mont-Blanc.jpg?strip=info&#038;w=1200 1200w,https:\/\/i0.wp.com\/gerbauxjoris.fr\/wp-content\/uploads\/2021\/09\/20210925-0838-Mont-Blanc.jpg?strip=info&#038;w=1500 1500w,https:\/\/i0.wp.com\/gerbauxjoris.fr\/wp-content\/uploads\/2021\/09\/20210925-0838-Mont-Blanc.jpg?strip=info&#038;w=1800 1800w,https:\/\/i0.wp.com\/gerbauxjoris.fr\/wp-content\/uploads\/2021\/09\/20210925-0838-Mont-Blanc.jpg?strip=info&#038;w=1923 1923w\" alt=\"\" data-height=\"1440\" data-id=\"1723\" data-link=\"https:\/\/gerbauxjoris.fr\/?attachment_id=1723\" data-url=\"https:\/\/gerbauxjoris.fr\/wp-content\/uploads\/2021\/09\/20210925-0838-Mont-Blanc.jpg\" data-width=\"1923\" src=\"https:\/\/i0.wp.com\/gerbauxjoris.fr\/wp-content\/uploads\/2021\/09\/20210925-0838-Mont-Blanc.jpg\" data-amp-layout=\"responsive\"\/><\/a><\/figure><\/div><div class=\"tiled-gallery__col\" style=\"flex-basis:36.36007%\"><figure class=\"tiled-gallery__item\"><a href=\"https:\/\/gerbauxjoris.fr\/wp-content\/uploads\/2021\/09\/20210925-0839-Mont-Blanc.jpg\" data-lbwps-width=\"1922\" data-lbwps-height=\"1440\" data-lbwps-srcsmall=\"https:\/\/gerbauxjoris.fr\/wp-content\/uploads\/2021\/09\/20210925-0839-Mont-Blanc-300x225.jpg\" data-lbwps-caption=\"Ancien refuge du Bo\u00fbter\"><img decoding=\"async\" srcset=\"https:\/\/i1.wp.com\/gerbauxjoris.fr\/wp-content\/uploads\/2021\/09\/20210925-0839-Mont-Blanc.jpg?strip=info&#038;w=600 600w,https:\/\/i1.wp.com\/gerbauxjoris.fr\/wp-content\/uploads\/2021\/09\/20210925-0839-Mont-Blanc.jpg?strip=info&#038;w=900 900w,https:\/\/i1.wp.com\/gerbauxjoris.fr\/wp-content\/uploads\/2021\/09\/20210925-0839-Mont-Blanc.jpg?strip=info&#038;w=1200 1200w,https:\/\/i1.wp.com\/gerbauxjoris.fr\/wp-content\/uploads\/2021\/09\/20210925-0839-Mont-Blanc.jpg?strip=info&#038;w=1500 1500w,https:\/\/i1.wp.com\/gerbauxjoris.fr\/wp-content\/uploads\/2021\/09\/20210925-0839-Mont-Blanc.jpg?strip=info&#038;w=1800 1800w,https:\/\/i1.wp.com\/gerbauxjoris.fr\/wp-content\/uploads\/2021\/09\/20210925-0839-Mont-Blanc.jpg?strip=info&#038;w=1922 1922w\" alt=\"\" data-height=\"1440\" data-id=\"1724\" data-link=\"https:\/\/gerbauxjoris.fr\/?attachment_id=1724\" data-url=\"https:\/\/gerbauxjoris.fr\/wp-content\/uploads\/2021\/09\/20210925-0839-Mont-Blanc.jpg\" data-width=\"1922\" src=\"https:\/\/i1.wp.com\/gerbauxjoris.fr\/wp-content\/uploads\/2021\/09\/20210925-0839-Mont-Blanc.jpg\" data-amp-layout=\"responsive\"\/><\/a><\/figure><\/div><div class=\"tiled-gallery__col\" style=\"flex-basis:27.26097%\"><figure class=\"tiled-gallery__item\"><a href=\"https:\/\/gerbauxjoris.fr\/wp-content\/uploads\/2021\/09\/20210925-0843-Mont-Blanc.jpg\" data-lbwps-width=\"1440\" data-lbwps-height=\"1440\" data-lbwps-srcsmall=\"https:\/\/gerbauxjoris.fr\/wp-content\/uploads\/2021\/09\/20210925-0843-Mont-Blanc-300x300.jpg\" data-lbwps-caption=\"C\u00e9dric \u00e0 l&amp;rsquo;attaque de la descente\"><img decoding=\"async\" srcset=\"https:\/\/i0.wp.com\/gerbauxjoris.fr\/wp-content\/uploads\/2021\/09\/20210925-0843-Mont-Blanc.jpg?strip=info&#038;w=600 600w,https:\/\/i0.wp.com\/gerbauxjoris.fr\/wp-content\/uploads\/2021\/09\/20210925-0843-Mont-Blanc.jpg?strip=info&#038;w=900 900w,https:\/\/i0.wp.com\/gerbauxjoris.fr\/wp-content\/uploads\/2021\/09\/20210925-0843-Mont-Blanc.jpg?strip=info&#038;w=1200 1200w,https:\/\/i0.wp.com\/gerbauxjoris.fr\/wp-content\/uploads\/2021\/09\/20210925-0843-Mont-Blanc.jpg?strip=info&#038;w=1440 1440w\" alt=\"\" data-height=\"1440\" data-id=\"1725\" data-link=\"https:\/\/gerbauxjoris.fr\/?attachment_id=1725\" data-url=\"https:\/\/gerbauxjoris.fr\/wp-content\/uploads\/2021\/09\/20210925-0843-Mont-Blanc.jpg\" data-width=\"1440\" src=\"https:\/\/i0.wp.com\/gerbauxjoris.fr\/wp-content\/uploads\/2021\/09\/20210925-0843-Mont-Blanc.jpg\" data-amp-layout=\"responsive\"\/><\/a><\/figure><\/div><\/div><div class=\"tiled-gallery__row\"><div class=\"tiled-gallery__col\" style=\"flex-basis:33.27748%\"><figure class=\"tiled-gallery__item\"><a href=\"https:\/\/gerbauxjoris.fr\/wp-content\/uploads\/2021\/09\/20210925-0908-Mont-Blanc.jpg\" data-lbwps-width=\"1923\" data-lbwps-height=\"1440\" data-lbwps-srcsmall=\"https:\/\/gerbauxjoris.fr\/wp-content\/uploads\/2021\/09\/20210925-0908-Mont-Blanc-300x225.jpg\" data-lbwps-caption=\"Vue plongeante sur la vall\u00e9e\"><img decoding=\"async\" srcset=\"https:\/\/i0.wp.com\/gerbauxjoris.fr\/wp-content\/uploads\/2021\/09\/20210925-0908-Mont-Blanc.jpg?strip=info&#038;w=600 600w,https:\/\/i0.wp.com\/gerbauxjoris.fr\/wp-content\/uploads\/2021\/09\/20210925-0908-Mont-Blanc.jpg?strip=info&#038;w=900 900w,https:\/\/i0.wp.com\/gerbauxjoris.fr\/wp-content\/uploads\/2021\/09\/20210925-0908-Mont-Blanc.jpg?strip=info&#038;w=1200 1200w,https:\/\/i0.wp.com\/gerbauxjoris.fr\/wp-content\/uploads\/2021\/09\/20210925-0908-Mont-Blanc.jpg?strip=info&#038;w=1500 1500w,https:\/\/i0.wp.com\/gerbauxjoris.fr\/wp-content\/uploads\/2021\/09\/20210925-0908-Mont-Blanc.jpg?strip=info&#038;w=1800 1800w,https:\/\/i0.wp.com\/gerbauxjoris.fr\/wp-content\/uploads\/2021\/09\/20210925-0908-Mont-Blanc.jpg?strip=info&#038;w=1923 1923w\" alt=\"\" data-height=\"1440\" data-id=\"1727\" data-link=\"https:\/\/gerbauxjoris.fr\/?attachment_id=1727\" data-url=\"https:\/\/gerbauxjoris.fr\/wp-content\/uploads\/2021\/09\/20210925-0908-Mont-Blanc.jpg\" data-width=\"1923\" src=\"https:\/\/i0.wp.com\/gerbauxjoris.fr\/wp-content\/uploads\/2021\/09\/20210925-0908-Mont-Blanc.jpg\" data-amp-layout=\"responsive\"\/><\/a><\/figure><figure class=\"tiled-gallery__item\"><a href=\"https:\/\/gerbauxjoris.fr\/wp-content\/uploads\/2021\/09\/20210925-0938-Mont-Blanc.jpg\" data-lbwps-width=\"1923\" data-lbwps-height=\"1440\" data-lbwps-srcsmall=\"https:\/\/gerbauxjoris.fr\/wp-content\/uploads\/2021\/09\/20210925-0938-Mont-Blanc-300x225.jpg\" data-lbwps-caption=\"La travers\u00e9e du Couloir du Go\u00fbter, on devine le chemin\"><img decoding=\"async\" srcset=\"https:\/\/i2.wp.com\/gerbauxjoris.fr\/wp-content\/uploads\/2021\/09\/20210925-0938-Mont-Blanc.jpg?strip=info&#038;w=600 600w,https:\/\/i2.wp.com\/gerbauxjoris.fr\/wp-content\/uploads\/2021\/09\/20210925-0938-Mont-Blanc.jpg?strip=info&#038;w=900 900w,https:\/\/i2.wp.com\/gerbauxjoris.fr\/wp-content\/uploads\/2021\/09\/20210925-0938-Mont-Blanc.jpg?strip=info&#038;w=1200 1200w,https:\/\/i2.wp.com\/gerbauxjoris.fr\/wp-content\/uploads\/2021\/09\/20210925-0938-Mont-Blanc.jpg?strip=info&#038;w=1500 1500w,https:\/\/i2.wp.com\/gerbauxjoris.fr\/wp-content\/uploads\/2021\/09\/20210925-0938-Mont-Blanc.jpg?strip=info&#038;w=1800 1800w,https:\/\/i2.wp.com\/gerbauxjoris.fr\/wp-content\/uploads\/2021\/09\/20210925-0938-Mont-Blanc.jpg?strip=info&#038;w=1923 1923w\" alt=\"\" data-height=\"1440\" data-id=\"1729\" data-link=\"https:\/\/gerbauxjoris.fr\/?attachment_id=1729\" data-url=\"https:\/\/gerbauxjoris.fr\/wp-content\/uploads\/2021\/09\/20210925-0938-Mont-Blanc.jpg\" data-width=\"1923\" src=\"https:\/\/i2.wp.com\/gerbauxjoris.fr\/wp-content\/uploads\/2021\/09\/20210925-0938-Mont-Blanc.jpg\" data-amp-layout=\"responsive\"\/><\/a><\/figure><\/div><div class=\"tiled-gallery__col\" style=\"flex-basis:66.72252%\"><figure class=\"tiled-gallery__item\"><a href=\"https:\/\/gerbauxjoris.fr\/wp-content\/uploads\/2021\/09\/20210925-0915-Mont-Blanc.jpg\" data-lbwps-width=\"1923\" data-lbwps-height=\"1440\" data-lbwps-srcsmall=\"https:\/\/gerbauxjoris.fr\/wp-content\/uploads\/2021\/09\/20210925-0915-Mont-Blanc-300x225.jpg\" data-lbwps-caption=\"Descente \u00e0 la queue leu leu\"><img decoding=\"async\" srcset=\"https:\/\/i1.wp.com\/gerbauxjoris.fr\/wp-content\/uploads\/2021\/09\/20210925-0915-Mont-Blanc.jpg?strip=info&#038;w=600 600w,https:\/\/i1.wp.com\/gerbauxjoris.fr\/wp-content\/uploads\/2021\/09\/20210925-0915-Mont-Blanc.jpg?strip=info&#038;w=900 900w,https:\/\/i1.wp.com\/gerbauxjoris.fr\/wp-content\/uploads\/2021\/09\/20210925-0915-Mont-Blanc.jpg?strip=info&#038;w=1200 1200w,https:\/\/i1.wp.com\/gerbauxjoris.fr\/wp-content\/uploads\/2021\/09\/20210925-0915-Mont-Blanc.jpg?strip=info&#038;w=1500 1500w,https:\/\/i1.wp.com\/gerbauxjoris.fr\/wp-content\/uploads\/2021\/09\/20210925-0915-Mont-Blanc.jpg?strip=info&#038;w=1800 1800w,https:\/\/i1.wp.com\/gerbauxjoris.fr\/wp-content\/uploads\/2021\/09\/20210925-0915-Mont-Blanc.jpg?strip=info&#038;w=1923 1923w\" alt=\"\" data-height=\"1440\" data-id=\"1728\" data-link=\"https:\/\/gerbauxjoris.fr\/?attachment_id=1728\" data-url=\"https:\/\/gerbauxjoris.fr\/wp-content\/uploads\/2021\/09\/20210925-0915-Mont-Blanc.jpg\" data-width=\"1923\" src=\"https:\/\/i1.wp.com\/gerbauxjoris.fr\/wp-content\/uploads\/2021\/09\/20210925-0915-Mont-Blanc.jpg\" data-amp-layout=\"responsive\"\/><\/a><\/figure><\/div><\/div><div class=\"tiled-gallery__row\"><div class=\"tiled-gallery__col\" style=\"flex-basis:50.00000%\"><figure class=\"tiled-gallery__item\"><a href=\"https:\/\/gerbauxjoris.fr\/wp-content\/uploads\/2021\/09\/20210925-0952-Mont-Blanc.jpg\" data-lbwps-width=\"1923\" data-lbwps-height=\"1440\" data-lbwps-srcsmall=\"https:\/\/gerbauxjoris.fr\/wp-content\/uploads\/2021\/09\/20210925-0952-Mont-Blanc-300x225.jpg\" data-lbwps-caption=\"La mont\u00e9e du Go\u00fbter, on distingue le Refuge en haut\"><img decoding=\"async\" srcset=\"https:\/\/i1.wp.com\/gerbauxjoris.fr\/wp-content\/uploads\/2021\/09\/20210925-0952-Mont-Blanc.jpg?strip=info&#038;w=600 600w,https:\/\/i1.wp.com\/gerbauxjoris.fr\/wp-content\/uploads\/2021\/09\/20210925-0952-Mont-Blanc.jpg?strip=info&#038;w=900 900w,https:\/\/i1.wp.com\/gerbauxjoris.fr\/wp-content\/uploads\/2021\/09\/20210925-0952-Mont-Blanc.jpg?strip=info&#038;w=1200 1200w,https:\/\/i1.wp.com\/gerbauxjoris.fr\/wp-content\/uploads\/2021\/09\/20210925-0952-Mont-Blanc.jpg?strip=info&#038;w=1500 1500w,https:\/\/i1.wp.com\/gerbauxjoris.fr\/wp-content\/uploads\/2021\/09\/20210925-0952-Mont-Blanc.jpg?strip=info&#038;w=1800 1800w,https:\/\/i1.wp.com\/gerbauxjoris.fr\/wp-content\/uploads\/2021\/09\/20210925-0952-Mont-Blanc.jpg?strip=info&#038;w=1923 1923w\" alt=\"\" data-height=\"1440\" data-id=\"1730\" data-link=\"https:\/\/gerbauxjoris.fr\/?attachment_id=1730\" data-url=\"https:\/\/gerbauxjoris.fr\/wp-content\/uploads\/2021\/09\/20210925-0952-Mont-Blanc.jpg\" data-width=\"1923\" src=\"https:\/\/i1.wp.com\/gerbauxjoris.fr\/wp-content\/uploads\/2021\/09\/20210925-0952-Mont-Blanc.jpg\" data-amp-layout=\"responsive\"\/><\/a><\/figure><\/div><div class=\"tiled-gallery__col\" style=\"flex-basis:50.00000%\"><figure class=\"tiled-gallery__item\"><a href=\"https:\/\/gerbauxjoris.fr\/wp-content\/uploads\/2021\/09\/20210925-1125-Mont-Blanc.jpg\" data-lbwps-width=\"1923\" data-lbwps-height=\"1440\" data-lbwps-srcsmall=\"https:\/\/gerbauxjoris.fr\/wp-content\/uploads\/2021\/09\/20210925-1125-Mont-Blanc-300x225.jpg\" data-lbwps-caption=\"Glacier de Bionnassay et Aiguille du m\u00eame nom\"><img decoding=\"async\" srcset=\"https:\/\/i1.wp.com\/gerbauxjoris.fr\/wp-content\/uploads\/2021\/09\/20210925-1125-Mont-Blanc.jpg?strip=info&#038;w=600 600w,https:\/\/i1.wp.com\/gerbauxjoris.fr\/wp-content\/uploads\/2021\/09\/20210925-1125-Mont-Blanc.jpg?strip=info&#038;w=900 900w,https:\/\/i1.wp.com\/gerbauxjoris.fr\/wp-content\/uploads\/2021\/09\/20210925-1125-Mont-Blanc.jpg?strip=info&#038;w=1200 1200w,https:\/\/i1.wp.com\/gerbauxjoris.fr\/wp-content\/uploads\/2021\/09\/20210925-1125-Mont-Blanc.jpg?strip=info&#038;w=1500 1500w,https:\/\/i1.wp.com\/gerbauxjoris.fr\/wp-content\/uploads\/2021\/09\/20210925-1125-Mont-Blanc.jpg?strip=info&#038;w=1800 1800w,https:\/\/i1.wp.com\/gerbauxjoris.fr\/wp-content\/uploads\/2021\/09\/20210925-1125-Mont-Blanc.jpg?strip=info&#038;w=1923 1923w\" alt=\"\" data-height=\"1440\" data-id=\"1732\" data-link=\"https:\/\/gerbauxjoris.fr\/?attachment_id=1732\" data-url=\"https:\/\/gerbauxjoris.fr\/wp-content\/uploads\/2021\/09\/20210925-1125-Mont-Blanc.jpg\" data-width=\"1923\" src=\"https:\/\/i1.wp.com\/gerbauxjoris.fr\/wp-content\/uploads\/2021\/09\/20210925-1125-Mont-Blanc.jpg\" data-amp-layout=\"responsive\"\/><\/a><\/figure><\/div><\/div><div class=\"tiled-gallery__row\"><div class=\"tiled-gallery__col\" style=\"flex-basis:54.89240%\"><figure class=\"tiled-gallery__item\"><a href=\"https:\/\/gerbauxjoris.fr\/wp-content\/uploads\/2021\/09\/20210925-1220-Mont-Blanc.jpg\" data-lbwps-width=\"2341\" data-lbwps-height=\"1440\" data-lbwps-srcsmall=\"https:\/\/gerbauxjoris.fr\/wp-content\/uploads\/2021\/09\/20210925-1220-Mont-Blanc-300x185.jpg\" data-lbwps-caption=\"Imposant moraine glaciaire\"><img decoding=\"async\" srcset=\"https:\/\/i0.wp.com\/gerbauxjoris.fr\/wp-content\/uploads\/2021\/09\/20210925-1220-Mont-Blanc.jpg?strip=info&#038;w=600 600w,https:\/\/i0.wp.com\/gerbauxjoris.fr\/wp-content\/uploads\/2021\/09\/20210925-1220-Mont-Blanc.jpg?strip=info&#038;w=900 900w,https:\/\/i0.wp.com\/gerbauxjoris.fr\/wp-content\/uploads\/2021\/09\/20210925-1220-Mont-Blanc.jpg?strip=info&#038;w=1200 1200w,https:\/\/i0.wp.com\/gerbauxjoris.fr\/wp-content\/uploads\/2021\/09\/20210925-1220-Mont-Blanc.jpg?strip=info&#038;w=1500 1500w,https:\/\/i0.wp.com\/gerbauxjoris.fr\/wp-content\/uploads\/2021\/09\/20210925-1220-Mont-Blanc.jpg?strip=info&#038;w=1800 1800w,https:\/\/i0.wp.com\/gerbauxjoris.fr\/wp-content\/uploads\/2021\/09\/20210925-1220-Mont-Blanc.jpg?strip=info&#038;w=2000 2000w\" alt=\"\" data-height=\"1440\" data-id=\"1736\" data-link=\"https:\/\/gerbauxjoris.fr\/?attachment_id=1736\" data-url=\"https:\/\/gerbauxjoris.fr\/wp-content\/uploads\/2021\/09\/20210925-1220-Mont-Blanc.jpg\" data-width=\"2341\" src=\"https:\/\/i0.wp.com\/gerbauxjoris.fr\/wp-content\/uploads\/2021\/09\/20210925-1220-Mont-Blanc.jpg\" data-amp-layout=\"responsive\"\/><\/a><\/figure><\/div><div class=\"tiled-gallery__col\" style=\"flex-basis:45.10760%\"><figure class=\"tiled-gallery__item\"><a href=\"https:\/\/gerbauxjoris.fr\/wp-content\/uploads\/2021\/09\/20210925-1201-Mont-Blanc.jpg\" data-lbwps-width=\"1923\" data-lbwps-height=\"1440\" data-lbwps-srcsmall=\"https:\/\/gerbauxjoris.fr\/wp-content\/uploads\/2021\/09\/20210925-1201-Mont-Blanc-300x225.jpg\" data-lbwps-caption=\"C\u00e9dric apr\u00e8s la sieste\"><img decoding=\"async\" srcset=\"https:\/\/i1.wp.com\/gerbauxjoris.fr\/wp-content\/uploads\/2021\/09\/20210925-1201-Mont-Blanc.jpg?strip=info&#038;w=600 600w,https:\/\/i1.wp.com\/gerbauxjoris.fr\/wp-content\/uploads\/2021\/09\/20210925-1201-Mont-Blanc.jpg?strip=info&#038;w=900 900w,https:\/\/i1.wp.com\/gerbauxjoris.fr\/wp-content\/uploads\/2021\/09\/20210925-1201-Mont-Blanc.jpg?strip=info&#038;w=1200 1200w,https:\/\/i1.wp.com\/gerbauxjoris.fr\/wp-content\/uploads\/2021\/09\/20210925-1201-Mont-Blanc.jpg?strip=info&#038;w=1500 1500w,https:\/\/i1.wp.com\/gerbauxjoris.fr\/wp-content\/uploads\/2021\/09\/20210925-1201-Mont-Blanc.jpg?strip=info&#038;w=1800 1800w,https:\/\/i1.wp.com\/gerbauxjoris.fr\/wp-content\/uploads\/2021\/09\/20210925-1201-Mont-Blanc.jpg?strip=info&#038;w=1923 1923w\" alt=\"\" data-height=\"1440\" data-id=\"1733\" data-link=\"https:\/\/gerbauxjoris.fr\/?attachment_id=1733\" data-url=\"https:\/\/gerbauxjoris.fr\/wp-content\/uploads\/2021\/09\/20210925-1201-Mont-Blanc.jpg\" data-width=\"1923\" src=\"https:\/\/i1.wp.com\/gerbauxjoris.fr\/wp-content\/uploads\/2021\/09\/20210925-1201-Mont-Blanc.jpg\" data-amp-layout=\"responsive\"\/><\/a><\/figure><\/div><\/div><div class=\"tiled-gallery__row\"><div class=\"tiled-gallery__col\" style=\"flex-basis:66.72252%\"><figure class=\"tiled-gallery__item\"><a href=\"https:\/\/gerbauxjoris.fr\/wp-content\/uploads\/2021\/09\/20210925-1221-Mont-Blanc.jpg\" data-lbwps-width=\"1923\" data-lbwps-height=\"1440\" data-lbwps-srcsmall=\"https:\/\/gerbauxjoris.fr\/wp-content\/uploads\/2021\/09\/20210925-1221-Mont-Blanc-300x225.jpg\" data-lbwps-caption=\"Chemin de descente\"><img decoding=\"async\" srcset=\"https:\/\/i0.wp.com\/gerbauxjoris.fr\/wp-content\/uploads\/2021\/09\/20210925-1221-Mont-Blanc.jpg?strip=info&#038;w=600 600w,https:\/\/i0.wp.com\/gerbauxjoris.fr\/wp-content\/uploads\/2021\/09\/20210925-1221-Mont-Blanc.jpg?strip=info&#038;w=900 900w,https:\/\/i0.wp.com\/gerbauxjoris.fr\/wp-content\/uploads\/2021\/09\/20210925-1221-Mont-Blanc.jpg?strip=info&#038;w=1200 1200w,https:\/\/i0.wp.com\/gerbauxjoris.fr\/wp-content\/uploads\/2021\/09\/20210925-1221-Mont-Blanc.jpg?strip=info&#038;w=1500 1500w,https:\/\/i0.wp.com\/gerbauxjoris.fr\/wp-content\/uploads\/2021\/09\/20210925-1221-Mont-Blanc.jpg?strip=info&#038;w=1800 1800w,https:\/\/i0.wp.com\/gerbauxjoris.fr\/wp-content\/uploads\/2021\/09\/20210925-1221-Mont-Blanc.jpg?strip=info&#038;w=1923 1923w\" alt=\"\" data-height=\"1440\" data-id=\"1738\" data-link=\"https:\/\/gerbauxjoris.fr\/?attachment_id=1738\" data-url=\"https:\/\/gerbauxjoris.fr\/wp-content\/uploads\/2021\/09\/20210925-1221-Mont-Blanc.jpg\" data-width=\"1923\" src=\"https:\/\/i0.wp.com\/gerbauxjoris.fr\/wp-content\/uploads\/2021\/09\/20210925-1221-Mont-Blanc.jpg\" data-amp-layout=\"responsive\"\/><\/a><\/figure><\/div><div class=\"tiled-gallery__col\" style=\"flex-basis:33.27748%\"><figure class=\"tiled-gallery__item\"><a href=\"https:\/\/gerbauxjoris.fr\/wp-content\/uploads\/2021\/09\/20210925-1206-Mont-Blanc.jpg\" data-lbwps-width=\"1923\" data-lbwps-height=\"1440\" data-lbwps-srcsmall=\"https:\/\/gerbauxjoris.fr\/wp-content\/uploads\/2021\/09\/20210925-1206-Mont-Blanc-300x225.jpg\" data-lbwps-caption=\"On distingue l&amp;rsquo;arriv\u00e9e du train sous la montagne\"><img decoding=\"async\" srcset=\"https:\/\/i0.wp.com\/gerbauxjoris.fr\/wp-content\/uploads\/2021\/09\/20210925-1206-Mont-Blanc.jpg?strip=info&#038;w=600 600w,https:\/\/i0.wp.com\/gerbauxjoris.fr\/wp-content\/uploads\/2021\/09\/20210925-1206-Mont-Blanc.jpg?strip=info&#038;w=900 900w,https:\/\/i0.wp.com\/gerbauxjoris.fr\/wp-content\/uploads\/2021\/09\/20210925-1206-Mont-Blanc.jpg?strip=info&#038;w=1200 1200w,https:\/\/i0.wp.com\/gerbauxjoris.fr\/wp-content\/uploads\/2021\/09\/20210925-1206-Mont-Blanc.jpg?strip=info&#038;w=1500 1500w,https:\/\/i0.wp.com\/gerbauxjoris.fr\/wp-content\/uploads\/2021\/09\/20210925-1206-Mont-Blanc.jpg?strip=info&#038;w=1800 1800w,https:\/\/i0.wp.com\/gerbauxjoris.fr\/wp-content\/uploads\/2021\/09\/20210925-1206-Mont-Blanc.jpg?strip=info&#038;w=1923 1923w\" alt=\"\" data-height=\"1440\" data-id=\"1734\" data-link=\"https:\/\/gerbauxjoris.fr\/?attachment_id=1734\" data-url=\"https:\/\/gerbauxjoris.fr\/wp-content\/uploads\/2021\/09\/20210925-1206-Mont-Blanc.jpg\" data-width=\"1923\" src=\"https:\/\/i0.wp.com\/gerbauxjoris.fr\/wp-content\/uploads\/2021\/09\/20210925-1206-Mont-Blanc.jpg\" data-amp-layout=\"responsive\"\/><\/a><\/figure><figure class=\"tiled-gallery__item\"><a href=\"https:\/\/gerbauxjoris.fr\/wp-content\/uploads\/2021\/09\/20210925-1222-Mont-Blanc.jpg\" data-lbwps-width=\"1923\" data-lbwps-height=\"1440\" data-lbwps-srcsmall=\"https:\/\/gerbauxjoris.fr\/wp-content\/uploads\/2021\/09\/20210925-1222-Mont-Blanc-300x225.jpg\" data-lbwps-caption=\"Le front glaciaire de Bionnassay, ou ce qu&amp;rsquo;il en reste\"><img decoding=\"async\" srcset=\"https:\/\/i1.wp.com\/gerbauxjoris.fr\/wp-content\/uploads\/2021\/09\/20210925-1222-Mont-Blanc.jpg?strip=info&#038;w=600 600w,https:\/\/i1.wp.com\/gerbauxjoris.fr\/wp-content\/uploads\/2021\/09\/20210925-1222-Mont-Blanc.jpg?strip=info&#038;w=900 900w,https:\/\/i1.wp.com\/gerbauxjoris.fr\/wp-content\/uploads\/2021\/09\/20210925-1222-Mont-Blanc.jpg?strip=info&#038;w=1200 1200w,https:\/\/i1.wp.com\/gerbauxjoris.fr\/wp-content\/uploads\/2021\/09\/20210925-1222-Mont-Blanc.jpg?strip=info&#038;w=1500 1500w,https:\/\/i1.wp.com\/gerbauxjoris.fr\/wp-content\/uploads\/2021\/09\/20210925-1222-Mont-Blanc.jpg?strip=info&#038;w=1800 1800w,https:\/\/i1.wp.com\/gerbauxjoris.fr\/wp-content\/uploads\/2021\/09\/20210925-1222-Mont-Blanc.jpg?strip=info&#038;w=1923 1923w\" alt=\"\" data-height=\"1440\" data-id=\"1739\" data-link=\"https:\/\/gerbauxjoris.fr\/?attachment_id=1739\" data-url=\"https:\/\/gerbauxjoris.fr\/wp-content\/uploads\/2021\/09\/20210925-1222-Mont-Blanc.jpg\" data-width=\"1923\" src=\"https:\/\/i1.wp.com\/gerbauxjoris.fr\/wp-content\/uploads\/2021\/09\/20210925-1222-Mont-Blanc.jpg\" data-amp-layout=\"responsive\"\/><\/a><\/figure><\/div><\/div><div class=\"tiled-gallery__row\"><div class=\"tiled-gallery__col\" style=\"flex-basis:50.00000%\"><figure class=\"tiled-gallery__item\"><a href=\"https:\/\/gerbauxjoris.fr\/wp-content\/uploads\/2021\/09\/20210925-1242-Mont-Blanc.jpg\" data-lbwps-width=\"1923\" data-lbwps-height=\"1440\" data-lbwps-srcsmall=\"https:\/\/gerbauxjoris.fr\/wp-content\/uploads\/2021\/09\/20210925-1242-Mont-Blanc-300x225.jpg\" data-lbwps-caption=\"Lac glaciaire\"><img decoding=\"async\" srcset=\"https:\/\/i2.wp.com\/gerbauxjoris.fr\/wp-content\/uploads\/2021\/09\/20210925-1242-Mont-Blanc.jpg?strip=info&#038;w=600 600w,https:\/\/i2.wp.com\/gerbauxjoris.fr\/wp-content\/uploads\/2021\/09\/20210925-1242-Mont-Blanc.jpg?strip=info&#038;w=900 900w,https:\/\/i2.wp.com\/gerbauxjoris.fr\/wp-content\/uploads\/2021\/09\/20210925-1242-Mont-Blanc.jpg?strip=info&#038;w=1200 1200w,https:\/\/i2.wp.com\/gerbauxjoris.fr\/wp-content\/uploads\/2021\/09\/20210925-1242-Mont-Blanc.jpg?strip=info&#038;w=1500 1500w,https:\/\/i2.wp.com\/gerbauxjoris.fr\/wp-content\/uploads\/2021\/09\/20210925-1242-Mont-Blanc.jpg?strip=info&#038;w=1800 1800w,https:\/\/i2.wp.com\/gerbauxjoris.fr\/wp-content\/uploads\/2021\/09\/20210925-1242-Mont-Blanc.jpg?strip=info&#038;w=1923 1923w\" alt=\"\" data-height=\"1440\" data-id=\"1740\" data-link=\"https:\/\/gerbauxjoris.fr\/?attachment_id=1740\" data-url=\"https:\/\/gerbauxjoris.fr\/wp-content\/uploads\/2021\/09\/20210925-1242-Mont-Blanc.jpg\" data-width=\"1923\" src=\"https:\/\/i2.wp.com\/gerbauxjoris.fr\/wp-content\/uploads\/2021\/09\/20210925-1242-Mont-Blanc.jpg\" data-amp-layout=\"responsive\"\/><\/a><\/figure><\/div><div class=\"tiled-gallery__col\" style=\"flex-basis:50.00000%\"><figure class=\"tiled-gallery__item\"><a href=\"https:\/\/gerbauxjoris.fr\/wp-content\/uploads\/2021\/09\/20210925-1322-Mont-Blanc.jpg\" data-lbwps-width=\"1923\" data-lbwps-height=\"1440\" data-lbwps-srcsmall=\"https:\/\/gerbauxjoris.fr\/wp-content\/uploads\/2021\/09\/20210925-1322-Mont-Blanc-300x225.jpg\" data-lbwps-caption=\"Depuis le parking, d&amp;rsquo;o\u00f9 l&amp;rsquo;on vient\"><img decoding=\"async\" srcset=\"https:\/\/i2.wp.com\/gerbauxjoris.fr\/wp-content\/uploads\/2021\/09\/20210925-1322-Mont-Blanc.jpg?strip=info&#038;w=600 600w,https:\/\/i2.wp.com\/gerbauxjoris.fr\/wp-content\/uploads\/2021\/09\/20210925-1322-Mont-Blanc.jpg?strip=info&#038;w=900 900w,https:\/\/i2.wp.com\/gerbauxjoris.fr\/wp-content\/uploads\/2021\/09\/20210925-1322-Mont-Blanc.jpg?strip=info&#038;w=1200 1200w,https:\/\/i2.wp.com\/gerbauxjoris.fr\/wp-content\/uploads\/2021\/09\/20210925-1322-Mont-Blanc.jpg?strip=info&#038;w=1500 1500w,https:\/\/i2.wp.com\/gerbauxjoris.fr\/wp-content\/uploads\/2021\/09\/20210925-1322-Mont-Blanc.jpg?strip=info&#038;w=1800 1800w,https:\/\/i2.wp.com\/gerbauxjoris.fr\/wp-content\/uploads\/2021\/09\/20210925-1322-Mont-Blanc.jpg?strip=info&#038;w=1923 1923w\" alt=\"\" data-height=\"1440\" data-id=\"1742\" data-link=\"https:\/\/gerbauxjoris.fr\/?attachment_id=1742\" data-url=\"https:\/\/gerbauxjoris.fr\/wp-content\/uploads\/2021\/09\/20210925-1322-Mont-Blanc.jpg\" data-width=\"1923\" src=\"https:\/\/i2.wp.com\/gerbauxjoris.fr\/wp-content\/uploads\/2021\/09\/20210925-1322-Mont-Blanc.jpg\" data-amp-layout=\"responsive\"\/><\/a><\/figure><\/div><\/div><\/div><\/div>\n<\/div>\n\n\n\n<div style=\"height:50px\" aria-hidden=\"true\" class=\"wp-block-spacer\"><\/div>\n\n\n\n<div class=\"wp-block-columns is-layout-flex wp-container-core-columns-layout-3 wp-block-columns-is-layout-flex\">\n<div class=\"wp-block-column is-layout-flow wp-block-column-is-layout-flow\">\n<div class=\"wp-block-jetpack-slideshow aligncenter\" data-autoplay=\"true\" data-delay=\"5\" data-effect=\"slide\"><div class=\"wp-block-jetpack-slideshow_container swiper-container\"><ul class=\"wp-block-jetpack-slideshow_swiper-wrapper swiper-wrapper\"><li class=\"wp-block-jetpack-slideshow_slide swiper-slide\"><figure><img loading=\"lazy\" decoding=\"async\" width=\"1923\" height=\"1440\" alt=\"\" class=\"wp-block-jetpack-slideshow_image wp-image-1743\" data-id=\"1743\" src=\"https:\/\/gerbauxjoris.fr\/wp-content\/uploads\/2021\/09\/20210925-1420-Mont-Blanc-Velo.jpg\" srcset=\"https:\/\/gerbauxjoris.fr\/wp-content\/uploads\/2021\/09\/20210925-1420-Mont-Blanc-Velo.jpg 1923w, https:\/\/gerbauxjoris.fr\/wp-content\/uploads\/2021\/09\/20210925-1420-Mont-Blanc-Velo-300x225.jpg 300w, https:\/\/gerbauxjoris.fr\/wp-content\/uploads\/2021\/09\/20210925-1420-Mont-Blanc-Velo-1024x767.jpg 1024w, https:\/\/gerbauxjoris.fr\/wp-content\/uploads\/2021\/09\/20210925-1420-Mont-Blanc-Velo-768x575.jpg 768w, https:\/\/gerbauxjoris.fr\/wp-content\/uploads\/2021\/09\/20210925-1420-Mont-Blanc-Velo-1536x1150.jpg 1536w\" sizes=\"(max-width: 1923px) 100vw, 1923px\" \/><figcaption class=\"wp-block-jetpack-slideshow_caption gallery-caption\">Retour \u00e0 Annecy<\/figcaption><\/figure><\/li><li class=\"wp-block-jetpack-slideshow_slide swiper-slide\"><figure><img decoding=\"async\" alt=\"\" class=\"wp-block-jetpack-slideshow_image wp-image-1755\" data-id=\"1755\" src=\"https:\/\/gerbauxjoris.fr\/wp-content\/uploads\/2021\/09\/20210925-1454-Mont-Blanc-Burger-1.jpg\"\/><figcaption class=\"wp-block-jetpack-slideshow_caption gallery-caption\">Un gros burger avant toutes choses<\/figcaption><\/figure><\/li><\/ul><a class=\"wp-block-jetpack-slideshow_button-prev swiper-button-prev swiper-button-white\" role=\"button\"><\/a><a class=\"wp-block-jetpack-slideshow_button-next swiper-button-next swiper-button-white\" role=\"button\"><\/a><a aria-label=\"Pause Slideshow\" class=\"wp-block-jetpack-slideshow_button-pause\" role=\"button\"><\/a><div class=\"wp-block-jetpack-slideshow_pagination swiper-pagination swiper-pagination-white\"><\/div><\/div><\/div>\n<\/div>\n\n\n\n<div class=\"wp-block-column is-layout-flow wp-block-column-is-layout-flow\">\n<p class=\"has-text-align-justify\">A Saint-Gervais nous nous arr\u00eatons au centre-ville pour prendre un gros burger \u2013 frite qui nous restera sur l\u2019estomac pour une bonne partie du retour (burp !). A moins que ce soit la bi\u00e8re qui l\u2019accompagne ? La fin de la descente se fait facilement, puis il faut p\u00e9daler sur les 50 kilom\u00e8tres de faux plat, c\u2019est long, c\u2019est long ! D\u2019autant plus qu\u2019on sait qu\u2019on a une mont\u00e9e de 400m qui nous attends ensuite. Il faut se concentrer pour continuer, mais pas le choix, il faut rentrer ! Et hors de question que l\u2019on prenne le train, nous devons finir le d\u00e9fi. Nous donnons tout ce qui nous reste pour la mont\u00e9e, puis on avoine dans la descente jusqu\u2019\u00e0 Annecy (principe du \u00ab partir \u00e0 fond puis acc\u00e9l\u00e9rer ensuite \u00bb), que l\u2019on atteint \u00e0 19h45, 27h apr\u00e8s le d\u00e9part. Comme les copains veulent qu\u2019on leur raconte, on les rejoint directement au bar. On sait que si on passe \u00e0 la maison, on ne repartira jamais. Si on a encore assez d\u2019\u00e9nergie pour raconter notre p\u00e9riple autour d\u2019une bi\u00e8re, c\u2019est qu\u2019on aurait pu aller au sommet, non ? Pour en \u00eatre sur il faudra retenter l\u2019exp\u00e9rience\u2026 Mais pas avant l\u2019ann\u00e9e prochaine et cette fois ci, sans trail la veille et avec une m\u00e9t\u00e9o qui n\u2019indique pas \u00ab vent fort \u00bb.<\/p>\n<\/div>\n<\/div>\n\n\n\n<p class=\"has-text-align-justify\">Au total nous avons parcouru <strong>178km<\/strong> de v\u00e9lo pour <strong>2000m <\/strong>D+\/- et <strong>22km<\/strong> \u00e0 pied pour <strong>2550m<\/strong> D+\/-. Une belle exp\u00e9rience qui montre la r\u00e9sistance du corps humain face \u00e0 de fortes sollicitations, cela donne des id\u00e9es pour d\u2019autres projets\u2026 Mais en attendant, je vais dormir, il parait que j&rsquo;ai l&rsquo;air fatigu\u00e9.<\/p>\n\n\n\n<div style=\"height:30px\" aria-hidden=\"true\" class=\"wp-block-spacer\"><\/div>\n\n\n\n<figure class=\"wp-block-image size-large\"><img loading=\"lazy\" decoding=\"async\" width=\"1024\" height=\"1024\" src=\"https:\/\/gerbauxjoris.fr\/wp-content\/uploads\/2021\/09\/WhatsApp-Image-2021-09-25-at-20.35.07-1024x1024.jpeg\" alt=\"\" class=\"wp-image-1756\" srcset=\"https:\/\/gerbauxjoris.fr\/wp-content\/uploads\/2021\/09\/WhatsApp-Image-2021-09-25-at-20.35.07-1024x1024.jpeg 1024w, https:\/\/gerbauxjoris.fr\/wp-content\/uploads\/2021\/09\/WhatsApp-Image-2021-09-25-at-20.35.07-300x300.jpeg 300w, https:\/\/gerbauxjoris.fr\/wp-content\/uploads\/2021\/09\/WhatsApp-Image-2021-09-25-at-20.35.07-150x150.jpeg 150w, https:\/\/gerbauxjoris.fr\/wp-content\/uploads\/2021\/09\/WhatsApp-Image-2021-09-25-at-20.35.07-700x700.jpeg 700w\" sizes=\"(max-width: 1024px) 100vw, 1024px\" \/><\/figure>\n\n\n\n<p><\/p>\n","protected":false},"excerpt":{"rendered":"<p>Top&nbsp;! Je suis le plus haut sommet d\u2019Europe occidentale, je culmine \u00e0 4808m d\u2019altitude et j\u2019ai \u00e9t\u00e9 gravi pour la premi\u00e8re fois en 1786 par Jacques Balmat et Michel Paccard, je suis source de fantasmes dans l\u2019imaginaire collectif et chaque ann\u00e9e des dizaines de millier de pr\u00e9tendants tentent mon ascension, je suis, je suis&nbsp;? Vous [&hellip;]<\/p>\n","protected":false},"author":1,"featured_media":1714,"comment_status":"open","ping_status":"open","sticky":false,"template":"","format":"standard","meta":{"footnotes":"","_jetpack_memberships_contains_paid_content":false},"categories":[7],"tags":[4],"jetpack_sharing_enabled":true,"jetpack_featured_media_url":"https:\/\/gerbauxjoris.fr\/wp-content\/uploads\/2021\/09\/20210925-0715-Mont-Blanc.jpg","_links":{"self":[{"href":"https:\/\/gerbauxjoris.fr\/index.php?rest_route=\/wp\/v2\/posts\/1696"}],"collection":[{"href":"https:\/\/gerbauxjoris.fr\/index.php?rest_route=\/wp\/v2\/posts"}],"about":[{"href":"https:\/\/gerbauxjoris.fr\/index.php?rest_route=\/wp\/v2\/types\/post"}],"author":[{"embeddable":true,"href":"https:\/\/gerbauxjoris.fr\/index.php?rest_route=\/wp\/v2\/users\/1"}],"replies":[{"embeddable":true,"href":"https:\/\/gerbauxjoris.fr\/index.php?rest_route=%2Fwp%2Fv2%2Fcomments&post=1696"}],"version-history":[{"count":25,"href":"https:\/\/gerbauxjoris.fr\/index.php?rest_route=\/wp\/v2\/posts\/1696\/revisions"}],"predecessor-version":[{"id":2469,"href":"https:\/\/gerbauxjoris.fr\/index.php?rest_route=\/wp\/v2\/posts\/1696\/revisions\/2469"}],"wp:featuredmedia":[{"embeddable":true,"href":"https:\/\/gerbauxjoris.fr\/index.php?rest_route=\/wp\/v2\/media\/1714"}],"wp:attachment":[{"href":"https:\/\/gerbauxjoris.fr\/index.php?rest_route=%2Fwp%2Fv2%2Fmedia&parent=1696"}],"wp:term":[{"taxonomy":"category","embeddable":true,"href":"https:\/\/gerbauxjoris.fr\/index.php?rest_route=%2Fwp%2Fv2%2Fcategories&post=1696"},{"taxonomy":"post_tag","embeddable":true,"href":"https:\/\/gerbauxjoris.fr\/index.php?rest_route=%2Fwp%2Fv2%2Ftags&post=1696"}],"curies":[{"name":"wp","href":"https:\/\/api.w.org\/{rel}","templated":true}]}}